{"id":5300,"date":"2026-01-15T16:09:55","date_gmt":"2026-01-15T16:09:55","guid":{"rendered":"https:\/\/agrupamentonisa.edu.gov.pt\/site\/?p=5300"},"modified":"2026-01-29T17:19:14","modified_gmt":"2026-01-29T17:19:14","slug":"atividade-sobre-trauma","status":"publish","type":"post","link":"https:\/\/agrupamentonisa.edu.gov.pt\/site\/atividade-sobre-trauma\/","title":{"rendered":"Atividade sobre Trauma"},"content":{"rendered":"\t\t<div data-elementor-type=\"wp-post\" data-elementor-id=\"5300\" class=\"elementor elementor-5300\" data-elementor-post-type=\"post\">\n\t\t\t\t<div class=\"elementor-element elementor-element-8525eaa e-flex e-con-boxed e-con e-parent\" data-id=\"8525eaa\" data-element_type=\"container\" data-e-type=\"container\">\n\t\t\t\t\t<div class=\"e-con-inner\">\n\t\t\t\t<div class=\"elementor-element elementor-element-1751b6e elementor-widget elementor-widget-heading\" data-id=\"1751b6e\" data-element_type=\"widget\" data-e-type=\"widget\" data-widget_type=\"heading.default\">\n\t\t\t\t<div class=\"elementor-widget-container\">\n\t\t\t\t\t<h2 class=\"elementor-heading-title elementor-size-default\">Atividade sobre Trauma<\/h2>\t\t\t\t<\/div>\n\t\t\t\t<\/div>\n\t\t\t\t\t<\/div>\n\t\t\t\t<\/div>\n\t\t<div class=\"elementor-element elementor-element-6a863ede e-flex e-con-boxed e-con e-parent\" data-id=\"6a863ede\" data-element_type=\"container\" data-e-type=\"container\">\n\t\t\t\t\t<div class=\"e-con-inner\">\n\t\t\t\t<div class=\"elementor-element elementor-element-77fc3208 elementor-widget elementor-widget-text-editor\" data-id=\"77fc3208\" data-element_type=\"widget\" data-e-type=\"widget\" data-widget_type=\"text-editor.default\">\n\t\t\t\t<div class=\"elementor-widget-container\">\n\t\t\t\t\t\t\t\t\t<p style=\"text-align: left;\">Nas primeiras semanas de janeiro, os\u00a0Bombeiros Volunt\u00e1rios de Nisa deslocaram-se \u00e0 escola para dinamizar tr\u00eas sess\u00f5es sobre &#8220;Trauma&#8221; para as turmas de ensino profissional.\u00a0Os alunos exploraram o que \u00e9 o trauma f\u00edsico \u2014 desde quedas e acidentes at\u00e9 situa\u00e7\u00f5es de emerg\u00eancia \u2014 e aprenderam como agir com seguran\u00e7a e responsabilidade perante estas ocorr\u00eancias.<\/p><p><img decoding=\"async\" class=\"alignnone wp-image-5301\" src=\"https:\/\/agrupamentonisa.edu.gov.pt\/site\/wp-content\/uploads\/2026\/01\/WhatsApp-Image-2026-01-14-at-12.42.503-225x300.jpeg\" alt=\"\" width=\"181\" height=\"241\" srcset=\"https:\/\/agrupamentonisa.edu.gov.pt\/site\/wp-content\/uploads\/2026\/01\/WhatsApp-Image-2026-01-14-at-12.42.503-225x300.jpeg 225w, https:\/\/agrupamentonisa.edu.gov.pt\/site\/wp-content\/uploads\/2026\/01\/WhatsApp-Image-2026-01-14-at-12.42.503-768x1024.jpeg 768w, https:\/\/agrupamentonisa.edu.gov.pt\/site\/wp-content\/uploads\/2026\/01\/WhatsApp-Image-2026-01-14-at-12.42.503-1152x1536.jpeg 1152w, https:\/\/agrupamentonisa.edu.gov.pt\/site\/wp-content\/uploads\/2026\/01\/WhatsApp-Image-2026-01-14-at-12.42.503.jpeg 1530w\" sizes=\"(max-width: 181px) 100vw, 181px\" \/> <img decoding=\"async\" class=\"alignnone wp-image-5302\" src=\"https:\/\/agrupamentonisa.edu.gov.pt\/site\/wp-content\/uploads\/2026\/01\/WhatsApp-Image-2026-01-14-at-12.42.501-225x300.jpeg\" alt=\"\" width=\"182\" height=\"243\" srcset=\"https:\/\/agrupamentonisa.edu.gov.pt\/site\/wp-content\/uploads\/2026\/01\/WhatsApp-Image-2026-01-14-at-12.42.501-225x300.jpeg 225w, https:\/\/agrupamentonisa.edu.gov.pt\/site\/wp-content\/uploads\/2026\/01\/WhatsApp-Image-2026-01-14-at-12.42.501-768x1024.jpeg 768w, https:\/\/agrupamentonisa.edu.gov.pt\/site\/wp-content\/uploads\/2026\/01\/WhatsApp-Image-2026-01-14-at-12.42.501-1152x1536.jpeg 1152w, https:\/\/agrupamentonisa.edu.gov.pt\/site\/wp-content\/uploads\/2026\/01\/WhatsApp-Image-2026-01-14-at-12.42.501.jpeg 1530w\" sizes=\"(max-width: 182px) 100vw, 182px\" \/> <img decoding=\"async\" class=\"alignnone wp-image-5303\" src=\"https:\/\/agrupamentonisa.edu.gov.pt\/site\/wp-content\/uploads\/2026\/01\/WhatsApp-Image-2026-01-14-at-12.42.49-241x300.jpeg\" alt=\"\" width=\"194\" height=\"241\" srcset=\"https:\/\/agrupamentonisa.edu.gov.pt\/site\/wp-content\/uploads\/2026\/01\/WhatsApp-Image-2026-01-14-at-12.42.49-241x300.jpeg 241w, https:\/\/agrupamentonisa.edu.gov.pt\/site\/wp-content\/uploads\/2026\/01\/WhatsApp-Image-2026-01-14-at-12.42.49-821x1024.jpeg 821w, https:\/\/agrupamentonisa.edu.gov.pt\/site\/wp-content\/uploads\/2026\/01\/WhatsApp-Image-2026-01-14-at-12.42.49-768x957.jpeg 768w, https:\/\/agrupamentonisa.edu.gov.pt\/site\/wp-content\/uploads\/2026\/01\/WhatsApp-Image-2026-01-14-at-12.42.49-1232x1536.jpeg 1232w, https:\/\/agrupamentonisa.edu.gov.pt\/site\/wp-content\/uploads\/2026\/01\/WhatsApp-Image-2026-01-14-at-12.42.49.jpeg 1265w\" sizes=\"(max-width: 194px) 100vw, 194px\" \/><\/p>\t\t\t\t\t\t\t\t<\/div>\n\t\t\t\t<\/div>\n\t\t\t\t\t<\/div>\n\t\t\t\t<\/div>\n\t\t\t\t<\/div>\n\t\t","protected":false},"excerpt":{"rendered":"<p>Atividade sobre Trauma Nas primeiras semanas de janeiro, os\u00a0Bombeiros Volunt\u00e1rios de Nisa deslocaram-se \u00e0 escola para dinamizar tr\u00eas sess\u00f5es sobre&#8230;<\/p>\n","protected":false},"author":7,"featured_media":0,"comment_status":"closed","ping_status":"open","sticky":false,"template":"","format":"standard","meta":{"_lmt_disableupdate":"no","_lmt_disable":"","footnotes":""},"categories":[187],"tags":[],"class_list":["post-5300","post","type-post","status-publish","format-standard","hentry","category-projeto-de-educacao-para-a-saude"],"yoast_head":"<!-- This site is optimized with the Yoast SEO plugin v25.5 - https:\/\/yoast.com\/wordpress\/plugins\/seo\/ -->\n<title>Atividade sobre Trauma - Agrupamento de Escolas Nisa<\/title>\n<meta name=\"description\" content=\"Nas primeiras semanas de janeiro, os Bombeiros Volunt\u00e1rios de Nisa deslocaram-se \u00e0 escola para dinamizar tr\u00eas sess\u00f5es sobre &quot;Trauma&quot; para as turmas de ensino profissional. Os alunos exploraram o que \u00e9 o trauma f\u00edsico \u2014 desde quedas e acidentes at\u00e9 situa\u00e7\u00f5es de emerg\u00eancia \u2014 e aprenderam como agir com seguran\u00e7a e responsabilidade perante estas ocorr\u00eancias.\" \/>\n<meta name=\"robots\" content=\"index, follow, max-snippet:-1, max-image-preview:large, max-video-preview:-1\" \/>\n<link rel=\"canonical\" href=\"https:\/\/agrupamentonisa.edu.gov.pt\/site\/atividade-sobre-trauma\/\" \/>\n<meta property=\"og:locale\" content=\"pt_PT\" \/>\n<meta property=\"og:type\" content=\"article\" \/>\n<meta property=\"og:title\" content=\"Atividade sobre Trauma - Agrupamento de Escolas Nisa\" \/>\n<meta property=\"og:description\" content=\"Nas primeiras semanas de janeiro, os Bombeiros Volunt\u00e1rios de Nisa deslocaram-se \u00e0 escola para dinamizar tr\u00eas sess\u00f5es sobre &quot;Trauma&quot; para as turmas de ensino profissional. Os alunos exploraram o que \u00e9 o trauma f\u00edsico \u2014 desde quedas e acidentes at\u00e9 situa\u00e7\u00f5es de emerg\u00eancia \u2014 e aprenderam como agir com seguran\u00e7a e responsabilidade perante estas ocorr\u00eancias.\" \/>\n<meta property=\"og:url\" content=\"https:\/\/agrupamentonisa.edu.gov.pt\/site\/atividade-sobre-trauma\/\" \/>\n<meta property=\"og:site_name\" content=\"Agrupamento de Escolas Nisa\" \/>\n<meta property=\"article:publisher\" content=\"https:\/\/www.facebook.com\/p\/Agrupamento-de-Escolas-de-Nisa-100031784060549\/?locale=pt_PT\" \/>\n<meta property=\"article:published_time\" content=\"2026-01-15T16:09:55+00:00\" \/>\n<meta property=\"article:modified_time\" content=\"2026-01-29T17:19:14+00:00\" \/>\n<meta property=\"og:image\" content=\"https:\/\/agrupamentonisa.edu.gov.pt\/site\/wp-content\/uploads\/2026\/01\/WhatsApp-Image-2026-01-14-at-12.42.503.jpeg\" \/>\n\t<meta property=\"og:image:width\" content=\"1530\" \/>\n\t<meta property=\"og:image:height\" content=\"2040\" \/>\n\t<meta property=\"og:image:type\" content=\"image\/jpeg\" \/>\n<meta name=\"author\" content=\"Gon\u00e7alo Andr\u00e9 Salgueiro da Silva\" \/>\n<meta name=\"twitter:card\" content=\"summary_large_image\" \/>\n<meta name=\"twitter:label1\" content=\"Escrito por\" \/>\n\t<meta name=\"twitter:data1\" content=\"Gon\u00e7alo Andr\u00e9 Salgueiro da Silva\" \/>\n\t<meta name=\"twitter:label2\" content=\"Tempo estimado de leitura\" \/>\n\t<meta name=\"twitter:data2\" content=\"1 minuto\" \/>\n<script type=\"application\/ld+json\" class=\"yoast-schema-graph\">{\"@context\":\"https:\/\/schema.org\",\"@graph\":[{\"@type\":\"Article\",\"@id\":\"https:\/\/agrupamentonisa.edu.gov.pt\/site\/atividade-sobre-trauma\/#article\",\"isPartOf\":{\"@id\":\"https:\/\/agrupamentonisa.edu.gov.pt\/site\/atividade-sobre-trauma\/\"},\"author\":{\"name\":\"Gon\u00e7alo Andr\u00e9 Salgueiro da Silva\",\"@id\":\"https:\/\/agrupamentonisa.edu.gov.pt\/site\/#\/schema\/person\/a8b0b946ae29b46a086897376f4349d4\"},\"headline\":\"Atividade sobre Trauma\",\"datePublished\":\"2026-01-15T16:09:55+00:00\",\"dateModified\":\"2026-01-29T17:19:14+00:00\",\"mainEntityOfPage\":{\"@id\":\"https:\/\/agrupamentonisa.edu.gov.pt\/site\/atividade-sobre-trauma\/\"},\"wordCount\":65,\"publisher\":{\"@id\":\"https:\/\/agrupamentonisa.edu.gov.pt\/site\/#organization\"},\"image\":{\"@id\":\"https:\/\/agrupamentonisa.edu.gov.pt\/site\/atividade-sobre-trauma\/#primaryimage\"},\"thumbnailUrl\":\"https:\/\/agrupamentonisa.edu.gov.pt\/site\/wp-content\/uploads\/2026\/01\/WhatsApp-Image-2026-01-14-at-12.42.503-225x300.jpeg\",\"articleSection\":[\"Projeto de Educa\u00e7\u00e3o para a Sa\u00fade\"],\"inLanguage\":\"pt-PT\"},{\"@type\":\"WebPage\",\"@id\":\"https:\/\/agrupamentonisa.edu.gov.pt\/site\/atividade-sobre-trauma\/\",\"url\":\"https:\/\/agrupamentonisa.edu.gov.pt\/site\/atividade-sobre-trauma\/\",\"name\":\"Atividade sobre Trauma - Agrupamento de Escolas Nisa\",\"isPartOf\":{\"@id\":\"https:\/\/agrupamentonisa.edu.gov.pt\/site\/#website\"},\"primaryImageOfPage\":{\"@id\":\"https:\/\/agrupamentonisa.edu.gov.pt\/site\/atividade-sobre-trauma\/#primaryimage\"},\"image\":{\"@id\":\"https:\/\/agrupamentonisa.edu.gov.pt\/site\/atividade-sobre-trauma\/#primaryimage\"},\"thumbnailUrl\":\"https:\/\/agrupamentonisa.edu.gov.pt\/site\/wp-content\/uploads\/2026\/01\/WhatsApp-Image-2026-01-14-at-12.42.503-225x300.jpeg\",\"datePublished\":\"2026-01-15T16:09:55+00:00\",\"dateModified\":\"2026-01-29T17:19:14+00:00\",\"description\":\"Nas primeiras semanas de janeiro, os Bombeiros Volunt\u00e1rios de Nisa deslocaram-se \u00e0 escola para dinamizar tr\u00eas sess\u00f5es sobre \\\"Trauma\\\" para as turmas de ensino profissional. Os alunos exploraram o que \u00e9 o trauma f\u00edsico \u2014 desde quedas e acidentes at\u00e9 situa\u00e7\u00f5es de emerg\u00eancia \u2014 e aprenderam como agir com seguran\u00e7a e responsabilidade perante estas ocorr\u00eancias.\",\"breadcrumb\":{\"@id\":\"https:\/\/agrupamentonisa.edu.gov.pt\/site\/atividade-sobre-trauma\/#breadcrumb\"},\"inLanguage\":\"pt-PT\",\"potentialAction\":[{\"@type\":\"ReadAction\",\"target\":[\"https:\/\/agrupamentonisa.edu.gov.pt\/site\/atividade-sobre-trauma\/\"]}]},{\"@type\":\"ImageObject\",\"inLanguage\":\"pt-PT\",\"@id\":\"https:\/\/agrupamentonisa.edu.gov.pt\/site\/atividade-sobre-trauma\/#primaryimage\",\"url\":\"https:\/\/agrupamentonisa.edu.gov.pt\/site\/wp-content\/uploads\/2026\/01\/WhatsApp-Image-2026-01-14-at-12.42.503.jpeg\",\"contentUrl\":\"https:\/\/agrupamentonisa.edu.gov.pt\/site\/wp-content\/uploads\/2026\/01\/WhatsApp-Image-2026-01-14-at-12.42.503.jpeg\",\"width\":1530,\"height\":2040},{\"@type\":\"BreadcrumbList\",\"@id\":\"https:\/\/agrupamentonisa.edu.gov.pt\/site\/atividade-sobre-trauma\/#breadcrumb\",\"itemListElement\":[{\"@type\":\"ListItem\",\"position\":1,\"name\":\"In\u00edcio\",\"item\":\"https:\/\/agrupamentonisa.edu.gov.pt\/site\/\"},{\"@type\":\"ListItem\",\"position\":2,\"name\":\"Atividade sobre Trauma\"}]},{\"@type\":\"WebSite\",\"@id\":\"https:\/\/agrupamentonisa.edu.gov.pt\/site\/#website\",\"url\":\"https:\/\/agrupamentonisa.edu.gov.pt\/site\/\",\"name\":\"Agrupamento de Escolas Nisa\",\"description\":\"Site Escolar do Agrupamento de Escolas Nisa\",\"publisher\":{\"@id\":\"https:\/\/agrupamentonisa.edu.gov.pt\/site\/#organization\"},\"potentialAction\":[{\"@type\":\"SearchAction\",\"target\":{\"@type\":\"EntryPoint\",\"urlTemplate\":\"https:\/\/agrupamentonisa.edu.gov.pt\/site\/?s={search_term_string}\"},\"query-input\":{\"@type\":\"PropertyValueSpecification\",\"valueRequired\":true,\"valueName\":\"search_term_string\"}}],\"inLanguage\":\"pt-PT\"},{\"@type\":\"Organization\",\"@id\":\"https:\/\/agrupamentonisa.edu.gov.pt\/site\/#organization\",\"name\":\"Agrupamento de Escolas Nisa\",\"url\":\"https:\/\/agrupamentonisa.edu.gov.pt\/site\/\",\"logo\":{\"@type\":\"ImageObject\",\"inLanguage\":\"pt-PT\",\"@id\":\"https:\/\/agrupamentonisa.edu.gov.pt\/site\/#\/schema\/logo\/image\/\",\"url\":\"https:\/\/agrupamentonisa.edu.gov.pt\/site\/wp-content\/uploads\/2024\/03\/logo.png\",\"contentUrl\":\"https:\/\/agrupamentonisa.edu.gov.pt\/site\/wp-content\/uploads\/2024\/03\/logo.png\",\"width\":1086,\"height\":546,\"caption\":\"Agrupamento de Escolas Nisa\"},\"image\":{\"@id\":\"https:\/\/agrupamentonisa.edu.gov.pt\/site\/#\/schema\/logo\/image\/\"},\"sameAs\":[\"https:\/\/www.facebook.com\/p\/Agrupamento-de-Escolas-de-Nisa-100031784060549\/?locale=pt_PT\",\"https:\/\/www.youtube.com\/@canalyoutubeagrupamentonisa\"]},{\"@type\":\"Person\",\"@id\":\"https:\/\/agrupamentonisa.edu.gov.pt\/site\/#\/schema\/person\/a8b0b946ae29b46a086897376f4349d4\",\"name\":\"Gon\u00e7alo Andr\u00e9 Salgueiro da Silva\",\"image\":{\"@type\":\"ImageObject\",\"inLanguage\":\"pt-PT\",\"@id\":\"https:\/\/agrupamentonisa.edu.gov.pt\/site\/#\/schema\/person\/image\/\",\"url\":\"https:\/\/secure.gravatar.com\/avatar\/ae5ae324b0d7dde392b94898e952c997?s=96&d=mm&r=g\",\"contentUrl\":\"https:\/\/secure.gravatar.com\/avatar\/ae5ae324b0d7dde392b94898e952c997?s=96&d=mm&r=g\",\"caption\":\"Gon\u00e7alo Andr\u00e9 Salgueiro da Silva\"},\"url\":\"https:\/\/agrupamentonisa.edu.gov.pt\/site\/author\/550goncalosilvaescolasdenisa-education\/\"}]}<\/script>\n<!-- \/ Yoast SEO plugin. -->","yoast_head_json":{"title":"Atividade sobre Trauma - Agrupamento de Escolas Nisa","description":"Nas primeiras semanas de janeiro, os Bombeiros Volunt\u00e1rios de Nisa deslocaram-se \u00e0 escola para dinamizar tr\u00eas sess\u00f5es sobre \"Trauma\" para as turmas de ensino profissional. Os alunos exploraram o que \u00e9 o trauma f\u00edsico \u2014 desde quedas e acidentes at\u00e9 situa\u00e7\u00f5es de emerg\u00eancia \u2014 e aprenderam como agir com seguran\u00e7a e responsabilidade perante estas ocorr\u00eancias.","robots":{"index":"index","follow":"follow","max-snippet":"max-snippet:-1","max-image-preview":"max-image-preview:large","max-video-preview":"max-video-preview:-1"},"canonical":"https:\/\/agrupamentonisa.edu.gov.pt\/site\/atividade-sobre-trauma\/","og_locale":"pt_PT","og_type":"article","og_title":"Atividade sobre Trauma - Agrupamento de Escolas Nisa","og_description":"Nas primeiras semanas de janeiro, os Bombeiros Volunt\u00e1rios de Nisa deslocaram-se \u00e0 escola para dinamizar tr\u00eas sess\u00f5es sobre \"Trauma\" para as turmas de ensino profissional. Os alunos exploraram o que \u00e9 o trauma f\u00edsico \u2014 desde quedas e acidentes at\u00e9 situa\u00e7\u00f5es de emerg\u00eancia \u2014 e aprenderam como agir com seguran\u00e7a e responsabilidade perante estas ocorr\u00eancias.","og_url":"https:\/\/agrupamentonisa.edu.gov.pt\/site\/atividade-sobre-trauma\/","og_site_name":"Agrupamento de Escolas Nisa","article_publisher":"https:\/\/www.facebook.com\/p\/Agrupamento-de-Escolas-de-Nisa-100031784060549\/?locale=pt_PT","article_published_time":"2026-01-15T16:09:55+00:00","article_modified_time":"2026-01-29T17:19:14+00:00","og_image":[{"width":1530,"height":2040,"url":"https:\/\/agrupamentonisa.edu.gov.pt\/site\/wp-content\/uploads\/2026\/01\/WhatsApp-Image-2026-01-14-at-12.42.503.jpeg","type":"image\/jpeg"}],"author":"Gon\u00e7alo Andr\u00e9 Salgueiro da Silva","twitter_card":"summary_large_image","twitter_misc":{"Escrito por":"Gon\u00e7alo Andr\u00e9 Salgueiro da Silva","Tempo estimado de leitura":"1 minuto"},"schema":{"@context":"https:\/\/schema.org","@graph":[{"@type":"Article","@id":"https:\/\/agrupamentonisa.edu.gov.pt\/site\/atividade-sobre-trauma\/#article","isPartOf":{"@id":"https:\/\/agrupamentonisa.edu.gov.pt\/site\/atividade-sobre-trauma\/"},"author":{"name":"Gon\u00e7alo Andr\u00e9 Salgueiro da Silva","@id":"https:\/\/agrupamentonisa.edu.gov.pt\/site\/#\/schema\/person\/a8b0b946ae29b46a086897376f4349d4"},"headline":"Atividade sobre Trauma","datePublished":"2026-01-15T16:09:55+00:00","dateModified":"2026-01-29T17:19:14+00:00","mainEntityOfPage":{"@id":"https:\/\/agrupamentonisa.edu.gov.pt\/site\/atividade-sobre-trauma\/"},"wordCount":65,"publisher":{"@id":"https:\/\/agrupamentonisa.edu.gov.pt\/site\/#organization"},"image":{"@id":"https:\/\/agrupamentonisa.edu.gov.pt\/site\/atividade-sobre-trauma\/#primaryimage"},"thumbnailUrl":"https:\/\/agrupamentonisa.edu.gov.pt\/site\/wp-content\/uploads\/2026\/01\/WhatsApp-Image-2026-01-14-at-12.42.503-225x300.jpeg","articleSection":["Projeto de Educa\u00e7\u00e3o para a Sa\u00fade"],"inLanguage":"pt-PT"},{"@type":"WebPage","@id":"https:\/\/agrupamentonisa.edu.gov.pt\/site\/atividade-sobre-trauma\/","url":"https:\/\/agrupamentonisa.edu.gov.pt\/site\/atividade-sobre-trauma\/","name":"Atividade sobre Trauma - Agrupamento de Escolas Nisa","isPartOf":{"@id":"https:\/\/agrupamentonisa.edu.gov.pt\/site\/#website"},"primaryImageOfPage":{"@id":"https:\/\/agrupamentonisa.edu.gov.pt\/site\/atividade-sobre-trauma\/#primaryimage"},"image":{"@id":"https:\/\/agrupamentonisa.edu.gov.pt\/site\/atividade-sobre-trauma\/#primaryimage"},"thumbnailUrl":"https:\/\/agrupamentonisa.edu.gov.pt\/site\/wp-content\/uploads\/2026\/01\/WhatsApp-Image-2026-01-14-at-12.42.503-225x300.jpeg","datePublished":"2026-01-15T16:09:55+00:00","dateModified":"2026-01-29T17:19:14+00:00","description":"Nas primeiras semanas de janeiro, os Bombeiros Volunt\u00e1rios de Nisa deslocaram-se \u00e0 escola para dinamizar tr\u00eas sess\u00f5es sobre \"Trauma\" para as turmas de ensino profissional. Os alunos exploraram o que \u00e9 o trauma f\u00edsico \u2014 desde quedas e acidentes at\u00e9 situa\u00e7\u00f5es de emerg\u00eancia \u2014 e aprenderam como agir com seguran\u00e7a e responsabilidade perante estas ocorr\u00eancias.","breadcrumb":{"@id":"https:\/\/agrupamentonisa.edu.gov.pt\/site\/atividade-sobre-trauma\/#breadcrumb"},"inLanguage":"pt-PT","potentialAction":[{"@type":"ReadAction","target":["https:\/\/agrupamentonisa.edu.gov.pt\/site\/atividade-sobre-trauma\/"]}]},{"@type":"ImageObject","inLanguage":"pt-PT","@id":"https:\/\/agrupamentonisa.edu.gov.pt\/site\/atividade-sobre-trauma\/#primaryimage","url":"https:\/\/agrupamentonisa.edu.gov.pt\/site\/wp-content\/uploads\/2026\/01\/WhatsApp-Image-2026-01-14-at-12.42.503.jpeg","contentUrl":"https:\/\/agrupamentonisa.edu.gov.pt\/site\/wp-content\/uploads\/2026\/01\/WhatsApp-Image-2026-01-14-at-12.42.503.jpeg","width":1530,"height":2040},{"@type":"BreadcrumbList","@id":"https:\/\/agrupamentonisa.edu.gov.pt\/site\/atividade-sobre-trauma\/#breadcrumb","itemListElement":[{"@type":"ListItem","position":1,"name":"In\u00edcio","item":"https:\/\/agrupamentonisa.edu.gov.pt\/site\/"},{"@type":"ListItem","position":2,"name":"Atividade sobre Trauma"}]},{"@type":"WebSite","@id":"https:\/\/agrupamentonisa.edu.gov.pt\/site\/#website","url":"https:\/\/agrupamentonisa.edu.gov.pt\/site\/","name":"Agrupamento de Escolas Nisa","description":"Site Escolar do Agrupamento de Escolas Nisa","publisher":{"@id":"https:\/\/agrupamentonisa.edu.gov.pt\/site\/#organization"},"potentialAction":[{"@type":"SearchAction","target":{"@type":"EntryPoint","urlTemplate":"https:\/\/agrupamentonisa.edu.gov.pt\/site\/?s={search_term_string}"},"query-input":{"@type":"PropertyValueSpecification","valueRequired":true,"valueName":"search_term_string"}}],"inLanguage":"pt-PT"},{"@type":"Organization","@id":"https:\/\/agrupamentonisa.edu.gov.pt\/site\/#organization","name":"Agrupamento de Escolas Nisa","url":"https:\/\/agrupamentonisa.edu.gov.pt\/site\/","logo":{"@type":"ImageObject","inLanguage":"pt-PT","@id":"https:\/\/agrupamentonisa.edu.gov.pt\/site\/#\/schema\/logo\/image\/","url":"https:\/\/agrupamentonisa.edu.gov.pt\/site\/wp-content\/uploads\/2024\/03\/logo.png","contentUrl":"https:\/\/agrupamentonisa.edu.gov.pt\/site\/wp-content\/uploads\/2024\/03\/logo.png","width":1086,"height":546,"caption":"Agrupamento de Escolas Nisa"},"image":{"@id":"https:\/\/agrupamentonisa.edu.gov.pt\/site\/#\/schema\/logo\/image\/"},"sameAs":["https:\/\/www.facebook.com\/p\/Agrupamento-de-Escolas-de-Nisa-100031784060549\/?locale=pt_PT","https:\/\/www.youtube.com\/@canalyoutubeagrupamentonisa"]},{"@type":"Person","@id":"https:\/\/agrupamentonisa.edu.gov.pt\/site\/#\/schema\/person\/a8b0b946ae29b46a086897376f4349d4","name":"Gon\u00e7alo Andr\u00e9 Salgueiro da Silva","image":{"@type":"ImageObject","inLanguage":"pt-PT","@id":"https:\/\/agrupamentonisa.edu.gov.pt\/site\/#\/schema\/person\/image\/","url":"https:\/\/secure.gravatar.com\/avatar\/ae5ae324b0d7dde392b94898e952c997?s=96&d=mm&r=g","contentUrl":"https:\/\/secure.gravatar.com\/avatar\/ae5ae324b0d7dde392b94898e952c997?s=96&d=mm&r=g","caption":"Gon\u00e7alo Andr\u00e9 Salgueiro da Silva"},"url":"https:\/\/agrupamentonisa.edu.gov.pt\/site\/author\/550goncalosilvaescolasdenisa-education\/"}]}},"modified_by":"Gon\u00e7alo Andr\u00e9 Salgueiro da Silva","_links":{"self":[{"href":"https:\/\/agrupamentonisa.edu.gov.pt\/site\/wp-json\/wp\/v2\/posts\/5300","targetHints":{"allow":["GET"]}}],"collection":[{"href":"https:\/\/agrupamentonisa.edu.gov.pt\/site\/wp-json\/wp\/v2\/posts"}],"about":[{"href":"https:\/\/agrupamentonisa.edu.gov.pt\/site\/wp-json\/wp\/v2\/types\/post"}],"author":[{"embeddable":true,"href":"https:\/\/agrupamentonisa.edu.gov.pt\/site\/wp-json\/wp\/v2\/users\/7"}],"replies":[{"embeddable":true,"href":"https:\/\/agrupamentonisa.edu.gov.pt\/site\/wp-json\/wp\/v2\/comments?post=5300"}],"version-history":[{"count":14,"href":"https:\/\/agrupamentonisa.edu.gov.pt\/site\/wp-json\/wp\/v2\/posts\/5300\/revisions"}],"predecessor-version":[{"id":5402,"href":"https:\/\/agrupamentonisa.edu.gov.pt\/site\/wp-json\/wp\/v2\/posts\/5300\/revisions\/5402"}],"wp:attachment":[{"href":"https:\/\/agrupamentonisa.edu.gov.pt\/site\/wp-json\/wp\/v2\/media?parent=5300"}],"wp:term":[{"taxonomy":"category","embeddable":true,"href":"https:\/\/agrupamentonisa.edu.gov.pt\/site\/wp-json\/wp\/v2\/categories?post=5300"},{"taxonomy":"post_tag","embeddable":true,"href":"https:\/\/agrupamentonisa.edu.gov.pt\/site\/wp-json\/wp\/v2\/tags?post=5300"}],"curies":[{"name":"wp","href":"https:\/\/api.w.org\/{rel}","templated":true}]}}