{"id":4858,"date":"2025-04-23T11:38:23","date_gmt":"2025-04-23T11:38:23","guid":{"rendered":"https:\/\/agrupamentonisa.edu.gov.pt\/site\/?p=4858"},"modified":"2025-04-26T15:29:06","modified_gmt":"2025-04-26T15:29:06","slug":"eleicao-conselho-geral-2025-2029","status":"publish","type":"post","link":"https:\/\/agrupamentonisa.edu.gov.pt\/site\/eleicao-conselho-geral-2025-2029\/","title":{"rendered":"Elei\u00e7\u00e3o Conselho Geral 2025\/2029"},"content":{"rendered":"<p><a href=\"https:\/\/agrupamentonisa.edu.gov.pt\/site\/wp-content\/uploads\/2025\/04\/2025-aviso-abertura-pessoal-docente-1.pdf\">Aviso de Abertura do Processo Eleitoral para a Elei\u00e7\u00e3o dos Representantes do Pessoal Docente<\/a><\/p>\n<p><a href=\"https:\/\/agrupamentonisa.edu.gov.pt\/site\/wp-content\/uploads\/2025\/04\/2025-aviso-abertura-pessoal-nao-docente-1.pdf\">Aviso de Abertura do Processo Eleitoral para a Elei\u00e7\u00e3o dos Representantes do Pessoal N\u00e3o Docente<\/a><\/p>\n<p><a href=\"https:\/\/agrupamentonisa.edu.gov.pt\/site\/wp-content\/uploads\/2025\/04\/2025-aviso-abertura-alunos-1.pdf\">Aviso de Abertura do Processo Eleitoral para a Elei\u00e7\u00e3o dos Representantes dos Alunos<\/a><\/p>\n<p><a href=\"https:\/\/agrupamentonisa.edu.gov.pt\/site\/wp-content\/uploads\/2025\/04\/Calendarizacao-do-Processo-Eleitoral-2025-2029-1.pdf\">Calendariza\u00e7\u00e3o do Processo Eleitoral 2025\/2029<\/a><\/p>\n<p><a href=\"https:\/\/agrupamentonisa.edu.gov.pt\/site\/wp-content\/uploads\/2025\/04\/Regulamento_CG_2025.pdf\">Regulamento Eleitoral do Conselho Geral<\/a><\/p>\n<p><a href=\"https:\/\/agrupamentonisa.edu.gov.pt\/site\/wp-content\/uploads\/2025\/04\/formulario-eleicao-pessoal-docente-2025.pdf\">Formul\u00e1rio do Pessoal Docente<\/a><\/p>\n<p><a href=\"https:\/\/agrupamentonisa.edu.gov.pt\/site\/wp-content\/uploads\/2025\/04\/formulario-eleicao-pessoal-nao-docente-2025.pdf\">Formul\u00e1rio do Pessoal N\u00e3o Docente<\/a><\/p>\n<p><a href=\"https:\/\/agrupamentonisa.edu.gov.pt\/site\/wp-content\/uploads\/2025\/04\/formulario-eleicao-alunos-2025.pdf\">Formul\u00e1rio dos Alunos<\/a><\/p>\n","protected":false},"excerpt":{"rendered":"<p>Aviso de Abertura do Processo Eleitoral para a Elei\u00e7\u00e3o dos Representantes do Pessoal Docente Aviso de Abertura do Processo Eleitoral&#8230;<\/p>\n","protected":false},"author":6,"featured_media":0,"comment_status":"closed","ping_status":"open","sticky":false,"template":"","format":"standard","meta":{"_lmt_disableupdate":"no","_lmt_disable":"","footnotes":""},"categories":[114],"tags":[],"class_list":["post-4858","post","type-post","status-publish","format-standard","hentry","category-projects"],"yoast_head":"<!-- This site is optimized with the Yoast SEO plugin v25.5 - https:\/\/yoast.com\/wordpress\/plugins\/seo\/ -->\n<title>Elei\u00e7\u00e3o Conselho Geral 2025\/2029 - Agrupamento de Escolas Nisa<\/title>\n<meta name=\"robots\" content=\"index, follow, max-snippet:-1, max-image-preview:large, max-video-preview:-1\" \/>\n<link rel=\"canonical\" href=\"https:\/\/agrupamentonisa.edu.gov.pt\/site\/eleicao-conselho-geral-2025-2029\/\" \/>\n<meta property=\"og:locale\" content=\"pt_PT\" \/>\n<meta property=\"og:type\" content=\"article\" \/>\n<meta property=\"og:title\" content=\"Elei\u00e7\u00e3o Conselho Geral 2025\/2029 - Agrupamento de Escolas Nisa\" \/>\n<meta property=\"og:description\" content=\"Aviso de Abertura do Processo Eleitoral para a Elei\u00e7\u00e3o dos Representantes do Pessoal Docente Aviso de Abertura do Processo Eleitoral...\" \/>\n<meta property=\"og:url\" content=\"https:\/\/agrupamentonisa.edu.gov.pt\/site\/eleicao-conselho-geral-2025-2029\/\" \/>\n<meta property=\"og:site_name\" content=\"Agrupamento de Escolas Nisa\" \/>\n<meta property=\"article:publisher\" content=\"https:\/\/www.facebook.com\/p\/Agrupamento-de-Escolas-de-Nisa-100031784060549\/?locale=pt_PT\" \/>\n<meta property=\"article:published_time\" content=\"2025-04-23T11:38:23+00:00\" \/>\n<meta property=\"article:modified_time\" content=\"2025-04-26T15:29:06+00:00\" \/>\n<meta name=\"author\" content=\"Isabel Rovisco\" \/>\n<meta name=\"twitter:card\" content=\"summary_large_image\" \/>\n<meta name=\"twitter:label1\" content=\"Escrito por\" \/>\n\t<meta name=\"twitter:data1\" content=\"Isabel Rovisco\" \/>\n\t<meta name=\"twitter:label2\" content=\"Tempo estimado de leitura\" \/>\n\t<meta name=\"twitter:data2\" content=\"1 minuto\" \/>\n<script type=\"application\/ld+json\" class=\"yoast-schema-graph\">{\"@context\":\"https:\/\/schema.org\",\"@graph\":[{\"@type\":\"Article\",\"@id\":\"https:\/\/agrupamentonisa.edu.gov.pt\/site\/eleicao-conselho-geral-2025-2029\/#article\",\"isPartOf\":{\"@id\":\"https:\/\/agrupamentonisa.edu.gov.pt\/site\/eleicao-conselho-geral-2025-2029\/\"},\"author\":{\"name\":\"Isabel Rovisco\",\"@id\":\"https:\/\/agrupamentonisa.edu.gov.pt\/site\/#\/schema\/person\/d74140b829635a088f61af8fa1f6443f\"},\"headline\":\"Elei\u00e7\u00e3o Conselho Geral 2025\/2029\",\"datePublished\":\"2025-04-23T11:38:23+00:00\",\"dateModified\":\"2025-04-26T15:29:06+00:00\",\"mainEntityOfPage\":{\"@id\":\"https:\/\/agrupamentonisa.edu.gov.pt\/site\/eleicao-conselho-geral-2025-2029\/\"},\"wordCount\":76,\"publisher\":{\"@id\":\"https:\/\/agrupamentonisa.edu.gov.pt\/site\/#organization\"},\"articleSection\":[\"Destaques\"],\"inLanguage\":\"pt-PT\"},{\"@type\":\"WebPage\",\"@id\":\"https:\/\/agrupamentonisa.edu.gov.pt\/site\/eleicao-conselho-geral-2025-2029\/\",\"url\":\"https:\/\/agrupamentonisa.edu.gov.pt\/site\/eleicao-conselho-geral-2025-2029\/\",\"name\":\"Elei\u00e7\u00e3o Conselho Geral 2025\/2029 - Agrupamento de Escolas Nisa\",\"isPartOf\":{\"@id\":\"https:\/\/agrupamentonisa.edu.gov.pt\/site\/#website\"},\"datePublished\":\"2025-04-23T11:38:23+00:00\",\"dateModified\":\"2025-04-26T15:29:06+00:00\",\"breadcrumb\":{\"@id\":\"https:\/\/agrupamentonisa.edu.gov.pt\/site\/eleicao-conselho-geral-2025-2029\/#breadcrumb\"},\"inLanguage\":\"pt-PT\",\"potentialAction\":[{\"@type\":\"ReadAction\",\"target\":[\"https:\/\/agrupamentonisa.edu.gov.pt\/site\/eleicao-conselho-geral-2025-2029\/\"]}]},{\"@type\":\"BreadcrumbList\",\"@id\":\"https:\/\/agrupamentonisa.edu.gov.pt\/site\/eleicao-conselho-geral-2025-2029\/#breadcrumb\",\"itemListElement\":[{\"@type\":\"ListItem\",\"position\":1,\"name\":\"In\u00edcio\",\"item\":\"https:\/\/agrupamentonisa.edu.gov.pt\/site\/\"},{\"@type\":\"ListItem\",\"position\":2,\"name\":\"Elei\u00e7\u00e3o Conselho Geral 2025\/2029\"}]},{\"@type\":\"WebSite\",\"@id\":\"https:\/\/agrupamentonisa.edu.gov.pt\/site\/#website\",\"url\":\"https:\/\/agrupamentonisa.edu.gov.pt\/site\/\",\"name\":\"Agrupamento de Escolas Nisa\",\"description\":\"Site Escolar do Agrupamento de Escolas Nisa\",\"publisher\":{\"@id\":\"https:\/\/agrupamentonisa.edu.gov.pt\/site\/#organization\"},\"potentialAction\":[{\"@type\":\"SearchAction\",\"target\":{\"@type\":\"EntryPoint\",\"urlTemplate\":\"https:\/\/agrupamentonisa.edu.gov.pt\/site\/?s={search_term_string}\"},\"query-input\":{\"@type\":\"PropertyValueSpecification\",\"valueRequired\":true,\"valueName\":\"search_term_string\"}}],\"inLanguage\":\"pt-PT\"},{\"@type\":\"Organization\",\"@id\":\"https:\/\/agrupamentonisa.edu.gov.pt\/site\/#organization\",\"name\":\"Agrupamento de Escolas Nisa\",\"url\":\"https:\/\/agrupamentonisa.edu.gov.pt\/site\/\",\"logo\":{\"@type\":\"ImageObject\",\"inLanguage\":\"pt-PT\",\"@id\":\"https:\/\/agrupamentonisa.edu.gov.pt\/site\/#\/schema\/logo\/image\/\",\"url\":\"https:\/\/agrupamentonisa.edu.gov.pt\/site\/wp-content\/uploads\/2024\/03\/logo.png\",\"contentUrl\":\"https:\/\/agrupamentonisa.edu.gov.pt\/site\/wp-content\/uploads\/2024\/03\/logo.png\",\"width\":1086,\"height\":546,\"caption\":\"Agrupamento de Escolas Nisa\"},\"image\":{\"@id\":\"https:\/\/agrupamentonisa.edu.gov.pt\/site\/#\/schema\/logo\/image\/\"},\"sameAs\":[\"https:\/\/www.facebook.com\/p\/Agrupamento-de-Escolas-de-Nisa-100031784060549\/?locale=pt_PT\",\"https:\/\/www.youtube.com\/@canalyoutubeagrupamentonisa\"]},{\"@type\":\"Person\",\"@id\":\"https:\/\/agrupamentonisa.edu.gov.pt\/site\/#\/schema\/person\/d74140b829635a088f61af8fa1f6443f\",\"name\":\"Isabel Rovisco\",\"image\":{\"@type\":\"ImageObject\",\"inLanguage\":\"pt-PT\",\"@id\":\"https:\/\/agrupamentonisa.edu.gov.pt\/site\/#\/schema\/person\/image\/\",\"url\":\"https:\/\/secure.gravatar.com\/avatar\/0db661b1b9669852a75cadb1b2466112?s=96&d=mm&r=g\",\"contentUrl\":\"https:\/\/secure.gravatar.com\/avatar\/0db661b1b9669852a75cadb1b2466112?s=96&d=mm&r=g\",\"caption\":\"Isabel Rovisco\"},\"url\":\"https:\/\/agrupamentonisa.edu.gov.pt\/site\/author\/isabel-rovisco\/\"}]}<\/script>\n<!-- \/ Yoast SEO plugin. -->","yoast_head_json":{"title":"Elei\u00e7\u00e3o Conselho Geral 2025\/2029 - Agrupamento de Escolas Nisa","robots":{"index":"index","follow":"follow","max-snippet":"max-snippet:-1","max-image-preview":"max-image-preview:large","max-video-preview":"max-video-preview:-1"},"canonical":"https:\/\/agrupamentonisa.edu.gov.pt\/site\/eleicao-conselho-geral-2025-2029\/","og_locale":"pt_PT","og_type":"article","og_title":"Elei\u00e7\u00e3o Conselho Geral 2025\/2029 - Agrupamento de Escolas Nisa","og_description":"Aviso de Abertura do Processo Eleitoral para a Elei\u00e7\u00e3o dos Representantes do Pessoal Docente Aviso de Abertura do Processo Eleitoral...","og_url":"https:\/\/agrupamentonisa.edu.gov.pt\/site\/eleicao-conselho-geral-2025-2029\/","og_site_name":"Agrupamento de Escolas Nisa","article_publisher":"https:\/\/www.facebook.com\/p\/Agrupamento-de-Escolas-de-Nisa-100031784060549\/?locale=pt_PT","article_published_time":"2025-04-23T11:38:23+00:00","article_modified_time":"2025-04-26T15:29:06+00:00","author":"Isabel Rovisco","twitter_card":"summary_large_image","twitter_misc":{"Escrito por":"Isabel Rovisco","Tempo estimado de leitura":"1 minuto"},"schema":{"@context":"https:\/\/schema.org","@graph":[{"@type":"Article","@id":"https:\/\/agrupamentonisa.edu.gov.pt\/site\/eleicao-conselho-geral-2025-2029\/#article","isPartOf":{"@id":"https:\/\/agrupamentonisa.edu.gov.pt\/site\/eleicao-conselho-geral-2025-2029\/"},"author":{"name":"Isabel Rovisco","@id":"https:\/\/agrupamentonisa.edu.gov.pt\/site\/#\/schema\/person\/d74140b829635a088f61af8fa1f6443f"},"headline":"Elei\u00e7\u00e3o Conselho Geral 2025\/2029","datePublished":"2025-04-23T11:38:23+00:00","dateModified":"2025-04-26T15:29:06+00:00","mainEntityOfPage":{"@id":"https:\/\/agrupamentonisa.edu.gov.pt\/site\/eleicao-conselho-geral-2025-2029\/"},"wordCount":76,"publisher":{"@id":"https:\/\/agrupamentonisa.edu.gov.pt\/site\/#organization"},"articleSection":["Destaques"],"inLanguage":"pt-PT"},{"@type":"WebPage","@id":"https:\/\/agrupamentonisa.edu.gov.pt\/site\/eleicao-conselho-geral-2025-2029\/","url":"https:\/\/agrupamentonisa.edu.gov.pt\/site\/eleicao-conselho-geral-2025-2029\/","name":"Elei\u00e7\u00e3o Conselho Geral 2025\/2029 - Agrupamento de Escolas Nisa","isPartOf":{"@id":"https:\/\/agrupamentonisa.edu.gov.pt\/site\/#website"},"datePublished":"2025-04-23T11:38:23+00:00","dateModified":"2025-04-26T15:29:06+00:00","breadcrumb":{"@id":"https:\/\/agrupamentonisa.edu.gov.pt\/site\/eleicao-conselho-geral-2025-2029\/#breadcrumb"},"inLanguage":"pt-PT","potentialAction":[{"@type":"ReadAction","target":["https:\/\/agrupamentonisa.edu.gov.pt\/site\/eleicao-conselho-geral-2025-2029\/"]}]},{"@type":"BreadcrumbList","@id":"https:\/\/agrupamentonisa.edu.gov.pt\/site\/eleicao-conselho-geral-2025-2029\/#breadcrumb","itemListElement":[{"@type":"ListItem","position":1,"name":"In\u00edcio","item":"https:\/\/agrupamentonisa.edu.gov.pt\/site\/"},{"@type":"ListItem","position":2,"name":"Elei\u00e7\u00e3o Conselho Geral 2025\/2029"}]},{"@type":"WebSite","@id":"https:\/\/agrupamentonisa.edu.gov.pt\/site\/#website","url":"https:\/\/agrupamentonisa.edu.gov.pt\/site\/","name":"Agrupamento de Escolas Nisa","description":"Site Escolar do Agrupamento de Escolas Nisa","publisher":{"@id":"https:\/\/agrupamentonisa.edu.gov.pt\/site\/#organization"},"potentialAction":[{"@type":"SearchAction","target":{"@type":"EntryPoint","urlTemplate":"https:\/\/agrupamentonisa.edu.gov.pt\/site\/?s={search_term_string}"},"query-input":{"@type":"PropertyValueSpecification","valueRequired":true,"valueName":"search_term_string"}}],"inLanguage":"pt-PT"},{"@type":"Organization","@id":"https:\/\/agrupamentonisa.edu.gov.pt\/site\/#organization","name":"Agrupamento de Escolas Nisa","url":"https:\/\/agrupamentonisa.edu.gov.pt\/site\/","logo":{"@type":"ImageObject","inLanguage":"pt-PT","@id":"https:\/\/agrupamentonisa.edu.gov.pt\/site\/#\/schema\/logo\/image\/","url":"https:\/\/agrupamentonisa.edu.gov.pt\/site\/wp-content\/uploads\/2024\/03\/logo.png","contentUrl":"https:\/\/agrupamentonisa.edu.gov.pt\/site\/wp-content\/uploads\/2024\/03\/logo.png","width":1086,"height":546,"caption":"Agrupamento de Escolas Nisa"},"image":{"@id":"https:\/\/agrupamentonisa.edu.gov.pt\/site\/#\/schema\/logo\/image\/"},"sameAs":["https:\/\/www.facebook.com\/p\/Agrupamento-de-Escolas-de-Nisa-100031784060549\/?locale=pt_PT","https:\/\/www.youtube.com\/@canalyoutubeagrupamentonisa"]},{"@type":"Person","@id":"https:\/\/agrupamentonisa.edu.gov.pt\/site\/#\/schema\/person\/d74140b829635a088f61af8fa1f6443f","name":"Isabel Rovisco","image":{"@type":"ImageObject","inLanguage":"pt-PT","@id":"https:\/\/agrupamentonisa.edu.gov.pt\/site\/#\/schema\/person\/image\/","url":"https:\/\/secure.gravatar.com\/avatar\/0db661b1b9669852a75cadb1b2466112?s=96&d=mm&r=g","contentUrl":"https:\/\/secure.gravatar.com\/avatar\/0db661b1b9669852a75cadb1b2466112?s=96&d=mm&r=g","caption":"Isabel Rovisco"},"url":"https:\/\/agrupamentonisa.edu.gov.pt\/site\/author\/isabel-rovisco\/"}]}},"modified_by":"Isabel Rovisco","_links":{"self":[{"href":"https:\/\/agrupamentonisa.edu.gov.pt\/site\/wp-json\/wp\/v2\/posts\/4858","targetHints":{"allow":["GET"]}}],"collection":[{"href":"https:\/\/agrupamentonisa.edu.gov.pt\/site\/wp-json\/wp\/v2\/posts"}],"about":[{"href":"https:\/\/agrupamentonisa.edu.gov.pt\/site\/wp-json\/wp\/v2\/types\/post"}],"author":[{"embeddable":true,"href":"https:\/\/agrupamentonisa.edu.gov.pt\/site\/wp-json\/wp\/v2\/users\/6"}],"replies":[{"embeddable":true,"href":"https:\/\/agrupamentonisa.edu.gov.pt\/site\/wp-json\/wp\/v2\/comments?post=4858"}],"version-history":[{"count":5,"href":"https:\/\/agrupamentonisa.edu.gov.pt\/site\/wp-json\/wp\/v2\/posts\/4858\/revisions"}],"predecessor-version":[{"id":4880,"href":"https:\/\/agrupamentonisa.edu.gov.pt\/site\/wp-json\/wp\/v2\/posts\/4858\/revisions\/4880"}],"wp:attachment":[{"href":"https:\/\/agrupamentonisa.edu.gov.pt\/site\/wp-json\/wp\/v2\/media?parent=4858"}],"wp:term":[{"taxonomy":"category","embeddable":true,"href":"https:\/\/agrupamentonisa.edu.gov.pt\/site\/wp-json\/wp\/v2\/categories?post=4858"},{"taxonomy":"post_tag","embeddable":true,"href":"https:\/\/agrupamentonisa.edu.gov.pt\/site\/wp-json\/wp\/v2\/tags?post=4858"}],"curies":[{"name":"wp","href":"https:\/\/api.w.org\/{rel}","templated":true}]}}