{"id":4720,"date":"2025-03-07T19:10:30","date_gmt":"2025-03-07T19:10:30","guid":{"rendered":"https:\/\/agrupamentonisa.edu.gov.pt\/site\/?p=4720"},"modified":"2025-03-07T19:10:30","modified_gmt":"2025-03-07T19:10:30","slug":"direcao-geral-da-educacao-premeia-nisa-com","status":"publish","type":"post","link":"https:\/\/agrupamentonisa.edu.gov.pt\/site\/direcao-geral-da-educacao-premeia-nisa-com\/","title":{"rendered":"Dire\u00e7\u00e3o-Geral da Educa\u00e7\u00e3o Premeia Nisa com\u2026"},"content":{"rendered":"<h2>Selo Escola Saud\u00e1vel<\/h2>\n<p><img decoding=\"async\" class=\"alignnone  wp-image-4721\" src=\"https:\/\/agrupamentonisa.edu.gov.pt\/site\/wp-content\/uploads\/2025\/03\/PES-300x183.png\" alt=\"\" width=\"205\" height=\"125\" srcset=\"https:\/\/agrupamentonisa.edu.gov.pt\/site\/wp-content\/uploads\/2025\/03\/PES-300x183.png 300w, https:\/\/agrupamentonisa.edu.gov.pt\/site\/wp-content\/uploads\/2025\/03\/PES.png 464w\" sizes=\"(max-width: 205px) 100vw, 205px\" \/><\/p>\n<p>O Diretor de Servi\u00e7os de Projetos Educativos da DGE, Jos\u00e9 Carlos Sousa, convidou o Agrupamento de Escolas de Nisa para a Cerim\u00f3nia de Entrega do Selo Escola Saud\u00e1vel, que ir\u00e1 realizar-se no dia 19 de mar\u00e7o de 2025, entre as 14:15h e as 16:30h, em Lisboa, na Escola Secund\u00e1ria Padre Ant\u00f3nio Vieira.<\/p>\n<p>Na mensagem que enviou afirma que \u201cO trabalho que a sua escola, sob a sua lideran\u00e7a tem desenvolvido deu mais uma vez resultados! Temos o grato prazer de o\/a informar que a escola foi <strong>contemplada com o Selo Escola Saud\u00e1vel 2024-2025.<\/strong> Parab\u00e9ns!\u201d<\/p>\n<p>Este Selo premeia as escolas que privilegiam, no seu quotidiano, a promo\u00e7\u00e3o da sa\u00fade e do bem-estar da comunidade educativa, reconhecendo o m\u00e9rito dos agrupamentos de escolas que, atrav\u00e9s das suas pr\u00e1ticas, t\u00eam vindo a contribuir para a promo\u00e7\u00e3o de rela\u00e7\u00f5es interpessoais e comportamentos saud\u00e1veis, envolvendo toda a comunidade educativa e criando uma imagem positiva da escola. S\u00e3o exemplos de atividades realizadas:\u201cComemora\u00e7\u00e3o do Dia Mundial da Alimenta\u00e7\u00e3o &#8211; Almo\u00e7o Saud\u00e1vel\u201d,\u00a0 \u201cA\u00e7\u00e3o de sensibiliza\u00e7\u00e3o sobre Sa\u00fade Menstrual\u201d, &#8220;Conhece-te a ti mesma&#8221; e &#8220;Conhece-te Melhor &#8211;\u00a0 Rapazes&#8221;,\u00a0 \u201cAtividade Formativa com os Encarregados de Educa\u00e7\u00e3o sobre Sa\u00fade Oral\u201d, \u201cSensibiliza\u00e7\u00e3o para a obesidade\u201d e \u201cHigiene do Sono\u201d, entre muitas outras.<\/p>\n<p>Esta distin\u00e7\u00e3o, a exemplo do que tem acontecido em muitos outros projetos, tem a coordena\u00e7\u00e3o da professora Marta Palhim, principal respons\u00e1vel pelo \u00eaxito alcan\u00e7ado.<\/p>\n<p>Estamos gratos aos nossos parceiros da comunidade pelo apoio:<\/p>\n<p>-ULSNA (Centro de Sa\u00fade de Nisa)<\/p>\n<p>-Farm\u00e1cia Ferreira Pinto<\/p>\n<p>-Bombeiros Volunt\u00e1rios de Nisa<\/p>\n<p>-Escola Segura (GNR)<\/p>\n<p>-Projeto Life Predator<\/p>\n<p>-CIMAA<\/p>\n<p>-ESPAD 2024 (European School Survey Project on Alcohol and other Drugs 2024)<\/p>\n<p>-C\u00e2mara Municipal de Nisa<\/p>\n<p>-Associa\u00e7\u00e3o Portuguesa de Fertilidade<\/p>\n","protected":false},"excerpt":{"rendered":"<p>Selo Escola Saud\u00e1vel O Diretor de Servi\u00e7os de Projetos Educativos da DGE, Jos\u00e9 Carlos Sousa, convidou o Agrupamento de Escolas&#8230;<\/p>\n","protected":false},"author":6,"featured_media":0,"comment_status":"closed","ping_status":"open","sticky":false,"template":"","format":"standard","meta":{"_lmt_disableupdate":"","_lmt_disable":"","footnotes":""},"categories":[114],"tags":[],"class_list":["post-4720","post","type-post","status-publish","format-standard","hentry","category-projects"],"yoast_head":"<!-- This site is optimized with the Yoast SEO plugin v25.5 - https:\/\/yoast.com\/wordpress\/plugins\/seo\/ -->\n<title>Dire\u00e7\u00e3o-Geral da Educa\u00e7\u00e3o Premeia Nisa com\u2026 - Agrupamento de Escolas Nisa<\/title>\n<meta name=\"robots\" content=\"index, follow, max-snippet:-1, max-image-preview:large, max-video-preview:-1\" \/>\n<link rel=\"canonical\" href=\"https:\/\/agrupamentonisa.edu.gov.pt\/site\/direcao-geral-da-educacao-premeia-nisa-com\/\" \/>\n<meta property=\"og:locale\" content=\"pt_PT\" \/>\n<meta property=\"og:type\" content=\"article\" \/>\n<meta property=\"og:title\" content=\"Dire\u00e7\u00e3o-Geral da Educa\u00e7\u00e3o Premeia Nisa com\u2026 - Agrupamento de Escolas Nisa\" \/>\n<meta property=\"og:description\" content=\"Selo Escola Saud\u00e1vel O Diretor de Servi\u00e7os de Projetos Educativos da DGE, Jos\u00e9 Carlos Sousa, convidou o Agrupamento de Escolas...\" \/>\n<meta property=\"og:url\" content=\"https:\/\/agrupamentonisa.edu.gov.pt\/site\/direcao-geral-da-educacao-premeia-nisa-com\/\" \/>\n<meta property=\"og:site_name\" content=\"Agrupamento de Escolas Nisa\" \/>\n<meta property=\"article:publisher\" content=\"https:\/\/www.facebook.com\/p\/Agrupamento-de-Escolas-de-Nisa-100031784060549\/?locale=pt_PT\" \/>\n<meta property=\"article:published_time\" content=\"2025-03-07T19:10:30+00:00\" \/>\n<meta property=\"og:image\" content=\"https:\/\/agrupamentonisa.edu.gov.pt\/site\/wp-content\/uploads\/2025\/03\/PES.png\" \/>\n\t<meta property=\"og:image:width\" content=\"464\" \/>\n\t<meta property=\"og:image:height\" content=\"283\" \/>\n\t<meta property=\"og:image:type\" content=\"image\/png\" \/>\n<meta name=\"author\" content=\"Isabel Rovisco\" \/>\n<meta name=\"twitter:card\" content=\"summary_large_image\" \/>\n<meta name=\"twitter:label1\" content=\"Escrito por\" \/>\n\t<meta name=\"twitter:data1\" content=\"Isabel Rovisco\" \/>\n<script type=\"application\/ld+json\" class=\"yoast-schema-graph\">{\"@context\":\"https:\/\/schema.org\",\"@graph\":[{\"@type\":\"Article\",\"@id\":\"https:\/\/agrupamentonisa.edu.gov.pt\/site\/direcao-geral-da-educacao-premeia-nisa-com\/#article\",\"isPartOf\":{\"@id\":\"https:\/\/agrupamentonisa.edu.gov.pt\/site\/direcao-geral-da-educacao-premeia-nisa-com\/\"},\"author\":{\"name\":\"Isabel Rovisco\",\"@id\":\"https:\/\/agrupamentonisa.edu.gov.pt\/site\/#\/schema\/person\/d74140b829635a088f61af8fa1f6443f\"},\"headline\":\"Dire\u00e7\u00e3o-Geral da Educa\u00e7\u00e3o Premeia Nisa com\u2026\",\"datePublished\":\"2025-03-07T19:10:30+00:00\",\"mainEntityOfPage\":{\"@id\":\"https:\/\/agrupamentonisa.edu.gov.pt\/site\/direcao-geral-da-educacao-premeia-nisa-com\/\"},\"wordCount\":321,\"publisher\":{\"@id\":\"https:\/\/agrupamentonisa.edu.gov.pt\/site\/#organization\"},\"image\":{\"@id\":\"https:\/\/agrupamentonisa.edu.gov.pt\/site\/direcao-geral-da-educacao-premeia-nisa-com\/#primaryimage\"},\"thumbnailUrl\":\"https:\/\/agrupamentonisa.edu.gov.pt\/site\/wp-content\/uploads\/2025\/03\/PES-300x183.png\",\"articleSection\":[\"Destaques\"],\"inLanguage\":\"pt-PT\"},{\"@type\":\"WebPage\",\"@id\":\"https:\/\/agrupamentonisa.edu.gov.pt\/site\/direcao-geral-da-educacao-premeia-nisa-com\/\",\"url\":\"https:\/\/agrupamentonisa.edu.gov.pt\/site\/direcao-geral-da-educacao-premeia-nisa-com\/\",\"name\":\"Dire\u00e7\u00e3o-Geral da Educa\u00e7\u00e3o Premeia Nisa com\u2026 - Agrupamento de Escolas Nisa\",\"isPartOf\":{\"@id\":\"https:\/\/agrupamentonisa.edu.gov.pt\/site\/#website\"},\"primaryImageOfPage\":{\"@id\":\"https:\/\/agrupamentonisa.edu.gov.pt\/site\/direcao-geral-da-educacao-premeia-nisa-com\/#primaryimage\"},\"image\":{\"@id\":\"https:\/\/agrupamentonisa.edu.gov.pt\/site\/direcao-geral-da-educacao-premeia-nisa-com\/#primaryimage\"},\"thumbnailUrl\":\"https:\/\/agrupamentonisa.edu.gov.pt\/site\/wp-content\/uploads\/2025\/03\/PES-300x183.png\",\"datePublished\":\"2025-03-07T19:10:30+00:00\",\"breadcrumb\":{\"@id\":\"https:\/\/agrupamentonisa.edu.gov.pt\/site\/direcao-geral-da-educacao-premeia-nisa-com\/#breadcrumb\"},\"inLanguage\":\"pt-PT\",\"potentialAction\":[{\"@type\":\"ReadAction\",\"target\":[\"https:\/\/agrupamentonisa.edu.gov.pt\/site\/direcao-geral-da-educacao-premeia-nisa-com\/\"]}]},{\"@type\":\"ImageObject\",\"inLanguage\":\"pt-PT\",\"@id\":\"https:\/\/agrupamentonisa.edu.gov.pt\/site\/direcao-geral-da-educacao-premeia-nisa-com\/#primaryimage\",\"url\":\"https:\/\/agrupamentonisa.edu.gov.pt\/site\/wp-content\/uploads\/2025\/03\/PES.png\",\"contentUrl\":\"https:\/\/agrupamentonisa.edu.gov.pt\/site\/wp-content\/uploads\/2025\/03\/PES.png\",\"width\":464,\"height\":283,\"caption\":\"projeto_educacao_para_a_saude\"},{\"@type\":\"BreadcrumbList\",\"@id\":\"https:\/\/agrupamentonisa.edu.gov.pt\/site\/direcao-geral-da-educacao-premeia-nisa-com\/#breadcrumb\",\"itemListElement\":[{\"@type\":\"ListItem\",\"position\":1,\"name\":\"In\u00edcio\",\"item\":\"https:\/\/agrupamentonisa.edu.gov.pt\/site\/\"},{\"@type\":\"ListItem\",\"position\":2,\"name\":\"Dire\u00e7\u00e3o-Geral da Educa\u00e7\u00e3o Premeia Nisa com\u2026\"}]},{\"@type\":\"WebSite\",\"@id\":\"https:\/\/agrupamentonisa.edu.gov.pt\/site\/#website\",\"url\":\"https:\/\/agrupamentonisa.edu.gov.pt\/site\/\",\"name\":\"Agrupamento de Escolas Nisa\",\"description\":\"Site Escolar do Agrupamento de Escolas Nisa\",\"publisher\":{\"@id\":\"https:\/\/agrupamentonisa.edu.gov.pt\/site\/#organization\"},\"potentialAction\":[{\"@type\":\"SearchAction\",\"target\":{\"@type\":\"EntryPoint\",\"urlTemplate\":\"https:\/\/agrupamentonisa.edu.gov.pt\/site\/?s={search_term_string}\"},\"query-input\":{\"@type\":\"PropertyValueSpecification\",\"valueRequired\":true,\"valueName\":\"search_term_string\"}}],\"inLanguage\":\"pt-PT\"},{\"@type\":\"Organization\",\"@id\":\"https:\/\/agrupamentonisa.edu.gov.pt\/site\/#organization\",\"name\":\"Agrupamento de Escolas Nisa\",\"url\":\"https:\/\/agrupamentonisa.edu.gov.pt\/site\/\",\"logo\":{\"@type\":\"ImageObject\",\"inLanguage\":\"pt-PT\",\"@id\":\"https:\/\/agrupamentonisa.edu.gov.pt\/site\/#\/schema\/logo\/image\/\",\"url\":\"https:\/\/agrupamentonisa.edu.gov.pt\/site\/wp-content\/uploads\/2024\/03\/logo.png\",\"contentUrl\":\"https:\/\/agrupamentonisa.edu.gov.pt\/site\/wp-content\/uploads\/2024\/03\/logo.png\",\"width\":1086,\"height\":546,\"caption\":\"Agrupamento de Escolas Nisa\"},\"image\":{\"@id\":\"https:\/\/agrupamentonisa.edu.gov.pt\/site\/#\/schema\/logo\/image\/\"},\"sameAs\":[\"https:\/\/www.facebook.com\/p\/Agrupamento-de-Escolas-de-Nisa-100031784060549\/?locale=pt_PT\",\"https:\/\/www.youtube.com\/@canalyoutubeagrupamentonisa\"]},{\"@type\":\"Person\",\"@id\":\"https:\/\/agrupamentonisa.edu.gov.pt\/site\/#\/schema\/person\/d74140b829635a088f61af8fa1f6443f\",\"name\":\"Isabel Rovisco\",\"image\":{\"@type\":\"ImageObject\",\"inLanguage\":\"pt-PT\",\"@id\":\"https:\/\/agrupamentonisa.edu.gov.pt\/site\/#\/schema\/person\/image\/\",\"url\":\"https:\/\/secure.gravatar.com\/avatar\/0db661b1b9669852a75cadb1b2466112?s=96&d=mm&r=g\",\"contentUrl\":\"https:\/\/secure.gravatar.com\/avatar\/0db661b1b9669852a75cadb1b2466112?s=96&d=mm&r=g\",\"caption\":\"Isabel Rovisco\"},\"url\":\"https:\/\/agrupamentonisa.edu.gov.pt\/site\/author\/isabel-rovisco\/\"}]}<\/script>\n<!-- \/ Yoast SEO plugin. -->","yoast_head_json":{"title":"Dire\u00e7\u00e3o-Geral da Educa\u00e7\u00e3o Premeia Nisa com\u2026 - Agrupamento de Escolas Nisa","robots":{"index":"index","follow":"follow","max-snippet":"max-snippet:-1","max-image-preview":"max-image-preview:large","max-video-preview":"max-video-preview:-1"},"canonical":"https:\/\/agrupamentonisa.edu.gov.pt\/site\/direcao-geral-da-educacao-premeia-nisa-com\/","og_locale":"pt_PT","og_type":"article","og_title":"Dire\u00e7\u00e3o-Geral da Educa\u00e7\u00e3o Premeia Nisa com\u2026 - Agrupamento de Escolas Nisa","og_description":"Selo Escola Saud\u00e1vel O Diretor de Servi\u00e7os de Projetos Educativos da DGE, Jos\u00e9 Carlos Sousa, convidou o Agrupamento de Escolas...","og_url":"https:\/\/agrupamentonisa.edu.gov.pt\/site\/direcao-geral-da-educacao-premeia-nisa-com\/","og_site_name":"Agrupamento de Escolas Nisa","article_publisher":"https:\/\/www.facebook.com\/p\/Agrupamento-de-Escolas-de-Nisa-100031784060549\/?locale=pt_PT","article_published_time":"2025-03-07T19:10:30+00:00","og_image":[{"width":464,"height":283,"url":"https:\/\/agrupamentonisa.edu.gov.pt\/site\/wp-content\/uploads\/2025\/03\/PES.png","type":"image\/png"}],"author":"Isabel Rovisco","twitter_card":"summary_large_image","twitter_misc":{"Escrito por":"Isabel Rovisco"},"schema":{"@context":"https:\/\/schema.org","@graph":[{"@type":"Article","@id":"https:\/\/agrupamentonisa.edu.gov.pt\/site\/direcao-geral-da-educacao-premeia-nisa-com\/#article","isPartOf":{"@id":"https:\/\/agrupamentonisa.edu.gov.pt\/site\/direcao-geral-da-educacao-premeia-nisa-com\/"},"author":{"name":"Isabel Rovisco","@id":"https:\/\/agrupamentonisa.edu.gov.pt\/site\/#\/schema\/person\/d74140b829635a088f61af8fa1f6443f"},"headline":"Dire\u00e7\u00e3o-Geral da Educa\u00e7\u00e3o Premeia Nisa com\u2026","datePublished":"2025-03-07T19:10:30+00:00","mainEntityOfPage":{"@id":"https:\/\/agrupamentonisa.edu.gov.pt\/site\/direcao-geral-da-educacao-premeia-nisa-com\/"},"wordCount":321,"publisher":{"@id":"https:\/\/agrupamentonisa.edu.gov.pt\/site\/#organization"},"image":{"@id":"https:\/\/agrupamentonisa.edu.gov.pt\/site\/direcao-geral-da-educacao-premeia-nisa-com\/#primaryimage"},"thumbnailUrl":"https:\/\/agrupamentonisa.edu.gov.pt\/site\/wp-content\/uploads\/2025\/03\/PES-300x183.png","articleSection":["Destaques"],"inLanguage":"pt-PT"},{"@type":"WebPage","@id":"https:\/\/agrupamentonisa.edu.gov.pt\/site\/direcao-geral-da-educacao-premeia-nisa-com\/","url":"https:\/\/agrupamentonisa.edu.gov.pt\/site\/direcao-geral-da-educacao-premeia-nisa-com\/","name":"Dire\u00e7\u00e3o-Geral da Educa\u00e7\u00e3o Premeia Nisa com\u2026 - Agrupamento de Escolas Nisa","isPartOf":{"@id":"https:\/\/agrupamentonisa.edu.gov.pt\/site\/#website"},"primaryImageOfPage":{"@id":"https:\/\/agrupamentonisa.edu.gov.pt\/site\/direcao-geral-da-educacao-premeia-nisa-com\/#primaryimage"},"image":{"@id":"https:\/\/agrupamentonisa.edu.gov.pt\/site\/direcao-geral-da-educacao-premeia-nisa-com\/#primaryimage"},"thumbnailUrl":"https:\/\/agrupamentonisa.edu.gov.pt\/site\/wp-content\/uploads\/2025\/03\/PES-300x183.png","datePublished":"2025-03-07T19:10:30+00:00","breadcrumb":{"@id":"https:\/\/agrupamentonisa.edu.gov.pt\/site\/direcao-geral-da-educacao-premeia-nisa-com\/#breadcrumb"},"inLanguage":"pt-PT","potentialAction":[{"@type":"ReadAction","target":["https:\/\/agrupamentonisa.edu.gov.pt\/site\/direcao-geral-da-educacao-premeia-nisa-com\/"]}]},{"@type":"ImageObject","inLanguage":"pt-PT","@id":"https:\/\/agrupamentonisa.edu.gov.pt\/site\/direcao-geral-da-educacao-premeia-nisa-com\/#primaryimage","url":"https:\/\/agrupamentonisa.edu.gov.pt\/site\/wp-content\/uploads\/2025\/03\/PES.png","contentUrl":"https:\/\/agrupamentonisa.edu.gov.pt\/site\/wp-content\/uploads\/2025\/03\/PES.png","width":464,"height":283,"caption":"projeto_educacao_para_a_saude"},{"@type":"BreadcrumbList","@id":"https:\/\/agrupamentonisa.edu.gov.pt\/site\/direcao-geral-da-educacao-premeia-nisa-com\/#breadcrumb","itemListElement":[{"@type":"ListItem","position":1,"name":"In\u00edcio","item":"https:\/\/agrupamentonisa.edu.gov.pt\/site\/"},{"@type":"ListItem","position":2,"name":"Dire\u00e7\u00e3o-Geral da Educa\u00e7\u00e3o Premeia Nisa com\u2026"}]},{"@type":"WebSite","@id":"https:\/\/agrupamentonisa.edu.gov.pt\/site\/#website","url":"https:\/\/agrupamentonisa.edu.gov.pt\/site\/","name":"Agrupamento de Escolas Nisa","description":"Site Escolar do Agrupamento de Escolas Nisa","publisher":{"@id":"https:\/\/agrupamentonisa.edu.gov.pt\/site\/#organization"},"potentialAction":[{"@type":"SearchAction","target":{"@type":"EntryPoint","urlTemplate":"https:\/\/agrupamentonisa.edu.gov.pt\/site\/?s={search_term_string}"},"query-input":{"@type":"PropertyValueSpecification","valueRequired":true,"valueName":"search_term_string"}}],"inLanguage":"pt-PT"},{"@type":"Organization","@id":"https:\/\/agrupamentonisa.edu.gov.pt\/site\/#organization","name":"Agrupamento de Escolas Nisa","url":"https:\/\/agrupamentonisa.edu.gov.pt\/site\/","logo":{"@type":"ImageObject","inLanguage":"pt-PT","@id":"https:\/\/agrupamentonisa.edu.gov.pt\/site\/#\/schema\/logo\/image\/","url":"https:\/\/agrupamentonisa.edu.gov.pt\/site\/wp-content\/uploads\/2024\/03\/logo.png","contentUrl":"https:\/\/agrupamentonisa.edu.gov.pt\/site\/wp-content\/uploads\/2024\/03\/logo.png","width":1086,"height":546,"caption":"Agrupamento de Escolas Nisa"},"image":{"@id":"https:\/\/agrupamentonisa.edu.gov.pt\/site\/#\/schema\/logo\/image\/"},"sameAs":["https:\/\/www.facebook.com\/p\/Agrupamento-de-Escolas-de-Nisa-100031784060549\/?locale=pt_PT","https:\/\/www.youtube.com\/@canalyoutubeagrupamentonisa"]},{"@type":"Person","@id":"https:\/\/agrupamentonisa.edu.gov.pt\/site\/#\/schema\/person\/d74140b829635a088f61af8fa1f6443f","name":"Isabel Rovisco","image":{"@type":"ImageObject","inLanguage":"pt-PT","@id":"https:\/\/agrupamentonisa.edu.gov.pt\/site\/#\/schema\/person\/image\/","url":"https:\/\/secure.gravatar.com\/avatar\/0db661b1b9669852a75cadb1b2466112?s=96&d=mm&r=g","contentUrl":"https:\/\/secure.gravatar.com\/avatar\/0db661b1b9669852a75cadb1b2466112?s=96&d=mm&r=g","caption":"Isabel Rovisco"},"url":"https:\/\/agrupamentonisa.edu.gov.pt\/site\/author\/isabel-rovisco\/"}]}},"modified_by":"Isabel Rovisco","_links":{"self":[{"href":"https:\/\/agrupamentonisa.edu.gov.pt\/site\/wp-json\/wp\/v2\/posts\/4720","targetHints":{"allow":["GET"]}}],"collection":[{"href":"https:\/\/agrupamentonisa.edu.gov.pt\/site\/wp-json\/wp\/v2\/posts"}],"about":[{"href":"https:\/\/agrupamentonisa.edu.gov.pt\/site\/wp-json\/wp\/v2\/types\/post"}],"author":[{"embeddable":true,"href":"https:\/\/agrupamentonisa.edu.gov.pt\/site\/wp-json\/wp\/v2\/users\/6"}],"replies":[{"embeddable":true,"href":"https:\/\/agrupamentonisa.edu.gov.pt\/site\/wp-json\/wp\/v2\/comments?post=4720"}],"version-history":[{"count":1,"href":"https:\/\/agrupamentonisa.edu.gov.pt\/site\/wp-json\/wp\/v2\/posts\/4720\/revisions"}],"predecessor-version":[{"id":4722,"href":"https:\/\/agrupamentonisa.edu.gov.pt\/site\/wp-json\/wp\/v2\/posts\/4720\/revisions\/4722"}],"wp:attachment":[{"href":"https:\/\/agrupamentonisa.edu.gov.pt\/site\/wp-json\/wp\/v2\/media?parent=4720"}],"wp:term":[{"taxonomy":"category","embeddable":true,"href":"https:\/\/agrupamentonisa.edu.gov.pt\/site\/wp-json\/wp\/v2\/categories?post=4720"},{"taxonomy":"post_tag","embeddable":true,"href":"https:\/\/agrupamentonisa.edu.gov.pt\/site\/wp-json\/wp\/v2\/tags?post=4720"}],"curies":[{"name":"wp","href":"https:\/\/api.w.org\/{rel}","templated":true}]}}