{"id":4394,"date":"2024-11-12T12:33:07","date_gmt":"2024-11-12T12:33:07","guid":{"rendered":"https:\/\/agrupamentonisa.edu.gov.pt\/site\/?p=4394"},"modified":"2024-11-13T16:22:23","modified_gmt":"2024-11-13T16:22:23","slug":"quimica-verde-e-energias-alternativas","status":"publish","type":"post","link":"https:\/\/agrupamentonisa.edu.gov.pt\/site\/quimica-verde-e-energias-alternativas\/","title":{"rendered":"Qu\u00edmica Verde e Energias Alternativas"},"content":{"rendered":"<p style=\"text-align: left;\">No dia 5 de novembro de 2024, teve in\u00edcio, no Agrupamento de Escolas de Nisa, o curso intitulado &#8220;Qu\u00edmica Verde: uma via para a Sustentabilidade&#8221;, ministrado por professores e investigadores dos Departamentos de Qu\u00edmica e F\u00edsica da Faculdade de Ci\u00eancias e Tecnologia da Universidade de Coimbra.<\/p>\n<p style=\"text-align: left;\">Durante a manh\u00e3, foram realizadas confer\u00eancias sobre\u00a0Qu\u00edmica Verde e Energias Alternativas, nas quais se discutiram as suas implica\u00e7\u00f5es na melhoria da qualidade de vida e no avan\u00e7o da sustentabilidade planet\u00e1ria.<\/p>\n<p style=\"text-align: left;\">Na parte da tarde, os alunos foram organizados em grupos e tiveram a oportunidade de participar em diversas atividades experimentais, incluindo a\u00a0s\u00edntese ecol\u00f3gica de um f\u00e1rmaco, a\u00a0prepara\u00e7\u00e3o de detergentes a partir de \u00f3leos usados\u00a0e a demonstra\u00e7\u00e3o pr\u00e1tica da utiliza\u00e7\u00e3o de\u00a0fontes de energia renov\u00e1vel, como as energias e\u00f3lica, h\u00eddrica e solar.<\/p>\n<p style=\"text-align: left;\">Al\u00e9m disso, os alunos foram divididos em grupos de tr\u00eas para desenvolverem trabalhos de pesquisa aprofundados sobre os temas abordados, os quais ser\u00e3o apresentados durante a\u00a0sess\u00e3o de encerramento\u00a0do curso, agendada para o\u00a0Cineteatro de Nisa, no dia 24 de janeiro de 2025. Este evento contar\u00e1 com a participa\u00e7\u00e3o dos alunos de Nisa e das Escolas Mouzinho da Silveira e S\u00e3o Louren\u00e7o de Portalegre.<\/p>\n<p style=\"text-align: left;\">No final, a Professora Mariette Pereira, coordenadora do curso, manifestou o seu agradecimento \u00e0 Dire\u00e7\u00e3o do Agrupamento de Escolas de Nisa, \u00e0 Reitoria da Universidade de Coimbra, \u00e0 C\u00e2mara Municipal de Nisa e ao programa PRR pelo apoio log\u00edstico e financeiro, que tornou poss\u00edvel a realiza\u00e7\u00e3o desta iniciativa, aproximando a investiga\u00e7\u00e3o da Universidade de Coimbra dos alunos das escolas secund\u00e1rias dos concelhos de Nisa e Portalegre.<\/p>\n<div id='gallery-1' class='gallery galleryid-4394 gallery-columns-3 gallery-size-thumbnail'><figure class='gallery-item'>\n\t\t\t<div class='gallery-icon landscape'>\n\t\t\t\t<a href='https:\/\/agrupamentonisa.edu.gov.pt\/site\/quimica-verde-e-energias-alternativas\/img_6985-copia\/'><img decoding=\"async\" width=\"150\" height=\"150\" src=\"https:\/\/agrupamentonisa.edu.gov.pt\/site\/wp-content\/uploads\/2024\/11\/IMG_6985-Copia-150x150.jpg\" class=\"attachment-thumbnail size-thumbnail\" alt=\"\" \/><\/a>\n\t\t\t<\/div><\/figure><figure class='gallery-item'>\n\t\t\t<div class='gallery-icon landscape'>\n\t\t\t\t<a href='https:\/\/agrupamentonisa.edu.gov.pt\/site\/quimica-verde-e-energias-alternativas\/img_6988-copia\/'><img decoding=\"async\" width=\"150\" height=\"150\" src=\"https:\/\/agrupamentonisa.edu.gov.pt\/site\/wp-content\/uploads\/2024\/11\/IMG_6988-Copia-150x150.jpg\" class=\"attachment-thumbnail size-thumbnail\" alt=\"\" \/><\/a>\n\t\t\t<\/div><\/figure><figure class='gallery-item'>\n\t\t\t<div class='gallery-icon landscape'>\n\t\t\t\t<a href='https:\/\/agrupamentonisa.edu.gov.pt\/site\/quimica-verde-e-energias-alternativas\/img_6994-copia\/'><img decoding=\"async\" width=\"150\" height=\"150\" src=\"https:\/\/agrupamentonisa.edu.gov.pt\/site\/wp-content\/uploads\/2024\/11\/IMG_6994-Copia-150x150.jpg\" class=\"attachment-thumbnail size-thumbnail\" alt=\"\" \/><\/a>\n\t\t\t<\/div><\/figure>\n\t\t<\/div>\n\n","protected":false},"excerpt":{"rendered":"<p>No dia 5 de novembro de 2024, teve in\u00edcio, no Agrupamento de Escolas de Nisa, o curso intitulado &#8220;Qu\u00edmica Verde:&#8230;<\/p>\n","protected":false},"author":6,"featured_media":4476,"comment_status":"closed","ping_status":"open","sticky":false,"template":"","format":"gallery","meta":{"_lmt_disableupdate":"no","_lmt_disable":"","footnotes":""},"categories":[146,171,114],"tags":[],"class_list":["post-4394","post","type-post","status-publish","format-gallery","has-post-thumbnail","hentry","category-acontece","category-clube-de-ciencia-viva","category-projects","post_format-post-format-gallery"],"yoast_head":"<!-- This site is optimized with the Yoast SEO plugin v25.5 - https:\/\/yoast.com\/wordpress\/plugins\/seo\/ -->\n<title>Qu\u00edmica Verde e Energias Alternativas - Agrupamento de Escolas Nisa<\/title>\n<meta name=\"robots\" content=\"index, follow, max-snippet:-1, max-image-preview:large, max-video-preview:-1\" \/>\n<link rel=\"canonical\" href=\"https:\/\/agrupamentonisa.edu.gov.pt\/site\/quimica-verde-e-energias-alternativas\/\" \/>\n<meta property=\"og:locale\" content=\"pt_PT\" \/>\n<meta property=\"og:type\" content=\"article\" \/>\n<meta property=\"og:title\" content=\"Qu\u00edmica Verde e Energias Alternativas - Agrupamento de Escolas Nisa\" \/>\n<meta property=\"og:description\" content=\"No dia 5 de novembro de 2024, teve in\u00edcio, no Agrupamento de Escolas de Nisa, o curso intitulado &#8220;Qu\u00edmica Verde:...\" \/>\n<meta property=\"og:url\" content=\"https:\/\/agrupamentonisa.edu.gov.pt\/site\/quimica-verde-e-energias-alternativas\/\" \/>\n<meta property=\"og:site_name\" content=\"Agrupamento de Escolas Nisa\" \/>\n<meta property=\"article:publisher\" content=\"https:\/\/www.facebook.com\/p\/Agrupamento-de-Escolas-de-Nisa-100031784060549\/?locale=pt_PT\" \/>\n<meta property=\"article:published_time\" content=\"2024-11-12T12:33:07+00:00\" \/>\n<meta property=\"article:modified_time\" content=\"2024-11-13T16:22:23+00:00\" \/>\n<meta property=\"og:image\" content=\"https:\/\/agrupamentonisa.edu.gov.pt\/site\/wp-content\/uploads\/2024\/11\/IMG_6994-Copia.jpg\" \/>\n\t<meta property=\"og:image:width\" content=\"1000\" \/>\n\t<meta property=\"og:image:height\" content=\"667\" \/>\n\t<meta property=\"og:image:type\" content=\"image\/jpeg\" \/>\n<meta name=\"author\" content=\"Isabel Rovisco\" \/>\n<meta name=\"twitter:card\" content=\"summary_large_image\" \/>\n<meta name=\"twitter:label1\" content=\"Escrito por\" \/>\n\t<meta name=\"twitter:data1\" content=\"Isabel Rovisco\" \/>\n\t<meta name=\"twitter:label2\" content=\"Tempo estimado de leitura\" \/>\n\t<meta name=\"twitter:data2\" content=\"2 minutos\" \/>\n<script type=\"application\/ld+json\" class=\"yoast-schema-graph\">{\"@context\":\"https:\/\/schema.org\",\"@graph\":[{\"@type\":\"Article\",\"@id\":\"https:\/\/agrupamentonisa.edu.gov.pt\/site\/quimica-verde-e-energias-alternativas\/#article\",\"isPartOf\":{\"@id\":\"https:\/\/agrupamentonisa.edu.gov.pt\/site\/quimica-verde-e-energias-alternativas\/\"},\"author\":{\"name\":\"Isabel Rovisco\",\"@id\":\"https:\/\/agrupamentonisa.edu.gov.pt\/site\/#\/schema\/person\/d74140b829635a088f61af8fa1f6443f\"},\"headline\":\"Qu\u00edmica Verde e Energias Alternativas\",\"datePublished\":\"2024-11-12T12:33:07+00:00\",\"dateModified\":\"2024-11-13T16:22:23+00:00\",\"mainEntityOfPage\":{\"@id\":\"https:\/\/agrupamentonisa.edu.gov.pt\/site\/quimica-verde-e-energias-alternativas\/\"},\"wordCount\":297,\"publisher\":{\"@id\":\"https:\/\/agrupamentonisa.edu.gov.pt\/site\/#organization\"},\"image\":{\"@id\":\"https:\/\/agrupamentonisa.edu.gov.pt\/site\/quimica-verde-e-energias-alternativas\/#primaryimage\"},\"thumbnailUrl\":\"https:\/\/agrupamentonisa.edu.gov.pt\/site\/wp-content\/uploads\/2024\/11\/IMG_6994-Copia.jpg\",\"articleSection\":[\"Acontece\",\"Clube de Ci\u00eancia Viva\",\"Destaques\"],\"inLanguage\":\"pt-PT\"},{\"@type\":\"WebPage\",\"@id\":\"https:\/\/agrupamentonisa.edu.gov.pt\/site\/quimica-verde-e-energias-alternativas\/\",\"url\":\"https:\/\/agrupamentonisa.edu.gov.pt\/site\/quimica-verde-e-energias-alternativas\/\",\"name\":\"Qu\u00edmica Verde e Energias Alternativas - Agrupamento de Escolas Nisa\",\"isPartOf\":{\"@id\":\"https:\/\/agrupamentonisa.edu.gov.pt\/site\/#website\"},\"primaryImageOfPage\":{\"@id\":\"https:\/\/agrupamentonisa.edu.gov.pt\/site\/quimica-verde-e-energias-alternativas\/#primaryimage\"},\"image\":{\"@id\":\"https:\/\/agrupamentonisa.edu.gov.pt\/site\/quimica-verde-e-energias-alternativas\/#primaryimage\"},\"thumbnailUrl\":\"https:\/\/agrupamentonisa.edu.gov.pt\/site\/wp-content\/uploads\/2024\/11\/IMG_6994-Copia.jpg\",\"datePublished\":\"2024-11-12T12:33:07+00:00\",\"dateModified\":\"2024-11-13T16:22:23+00:00\",\"breadcrumb\":{\"@id\":\"https:\/\/agrupamentonisa.edu.gov.pt\/site\/quimica-verde-e-energias-alternativas\/#breadcrumb\"},\"inLanguage\":\"pt-PT\",\"potentialAction\":[{\"@type\":\"ReadAction\",\"target\":[\"https:\/\/agrupamentonisa.edu.gov.pt\/site\/quimica-verde-e-energias-alternativas\/\"]}]},{\"@type\":\"ImageObject\",\"inLanguage\":\"pt-PT\",\"@id\":\"https:\/\/agrupamentonisa.edu.gov.pt\/site\/quimica-verde-e-energias-alternativas\/#primaryimage\",\"url\":\"https:\/\/agrupamentonisa.edu.gov.pt\/site\/wp-content\/uploads\/2024\/11\/IMG_6994-Copia.jpg\",\"contentUrl\":\"https:\/\/agrupamentonisa.edu.gov.pt\/site\/wp-content\/uploads\/2024\/11\/IMG_6994-Copia.jpg\",\"width\":1000,\"height\":667},{\"@type\":\"BreadcrumbList\",\"@id\":\"https:\/\/agrupamentonisa.edu.gov.pt\/site\/quimica-verde-e-energias-alternativas\/#breadcrumb\",\"itemListElement\":[{\"@type\":\"ListItem\",\"position\":1,\"name\":\"In\u00edcio\",\"item\":\"https:\/\/agrupamentonisa.edu.gov.pt\/site\/\"},{\"@type\":\"ListItem\",\"position\":2,\"name\":\"Qu\u00edmica Verde e Energias Alternativas\"}]},{\"@type\":\"WebSite\",\"@id\":\"https:\/\/agrupamentonisa.edu.gov.pt\/site\/#website\",\"url\":\"https:\/\/agrupamentonisa.edu.gov.pt\/site\/\",\"name\":\"Agrupamento de Escolas Nisa\",\"description\":\"Site Escolar do Agrupamento de Escolas Nisa\",\"publisher\":{\"@id\":\"https:\/\/agrupamentonisa.edu.gov.pt\/site\/#organization\"},\"potentialAction\":[{\"@type\":\"SearchAction\",\"target\":{\"@type\":\"EntryPoint\",\"urlTemplate\":\"https:\/\/agrupamentonisa.edu.gov.pt\/site\/?s={search_term_string}\"},\"query-input\":{\"@type\":\"PropertyValueSpecification\",\"valueRequired\":true,\"valueName\":\"search_term_string\"}}],\"inLanguage\":\"pt-PT\"},{\"@type\":\"Organization\",\"@id\":\"https:\/\/agrupamentonisa.edu.gov.pt\/site\/#organization\",\"name\":\"Agrupamento de Escolas Nisa\",\"url\":\"https:\/\/agrupamentonisa.edu.gov.pt\/site\/\",\"logo\":{\"@type\":\"ImageObject\",\"inLanguage\":\"pt-PT\",\"@id\":\"https:\/\/agrupamentonisa.edu.gov.pt\/site\/#\/schema\/logo\/image\/\",\"url\":\"https:\/\/agrupamentonisa.edu.gov.pt\/site\/wp-content\/uploads\/2024\/03\/logo.png\",\"contentUrl\":\"https:\/\/agrupamentonisa.edu.gov.pt\/site\/wp-content\/uploads\/2024\/03\/logo.png\",\"width\":1086,\"height\":546,\"caption\":\"Agrupamento de Escolas Nisa\"},\"image\":{\"@id\":\"https:\/\/agrupamentonisa.edu.gov.pt\/site\/#\/schema\/logo\/image\/\"},\"sameAs\":[\"https:\/\/www.facebook.com\/p\/Agrupamento-de-Escolas-de-Nisa-100031784060549\/?locale=pt_PT\",\"https:\/\/www.youtube.com\/@canalyoutubeagrupamentonisa\"]},{\"@type\":\"Person\",\"@id\":\"https:\/\/agrupamentonisa.edu.gov.pt\/site\/#\/schema\/person\/d74140b829635a088f61af8fa1f6443f\",\"name\":\"Isabel Rovisco\",\"image\":{\"@type\":\"ImageObject\",\"inLanguage\":\"pt-PT\",\"@id\":\"https:\/\/agrupamentonisa.edu.gov.pt\/site\/#\/schema\/person\/image\/\",\"url\":\"https:\/\/secure.gravatar.com\/avatar\/0db661b1b9669852a75cadb1b2466112?s=96&d=mm&r=g\",\"contentUrl\":\"https:\/\/secure.gravatar.com\/avatar\/0db661b1b9669852a75cadb1b2466112?s=96&d=mm&r=g\",\"caption\":\"Isabel Rovisco\"},\"url\":\"https:\/\/agrupamentonisa.edu.gov.pt\/site\/author\/isabel-rovisco\/\"}]}<\/script>\n<!-- \/ Yoast SEO plugin. -->","yoast_head_json":{"title":"Qu\u00edmica Verde e Energias Alternativas - Agrupamento de Escolas Nisa","robots":{"index":"index","follow":"follow","max-snippet":"max-snippet:-1","max-image-preview":"max-image-preview:large","max-video-preview":"max-video-preview:-1"},"canonical":"https:\/\/agrupamentonisa.edu.gov.pt\/site\/quimica-verde-e-energias-alternativas\/","og_locale":"pt_PT","og_type":"article","og_title":"Qu\u00edmica Verde e Energias Alternativas - Agrupamento de Escolas Nisa","og_description":"No dia 5 de novembro de 2024, teve in\u00edcio, no Agrupamento de Escolas de Nisa, o curso intitulado &#8220;Qu\u00edmica Verde:...","og_url":"https:\/\/agrupamentonisa.edu.gov.pt\/site\/quimica-verde-e-energias-alternativas\/","og_site_name":"Agrupamento de Escolas Nisa","article_publisher":"https:\/\/www.facebook.com\/p\/Agrupamento-de-Escolas-de-Nisa-100031784060549\/?locale=pt_PT","article_published_time":"2024-11-12T12:33:07+00:00","article_modified_time":"2024-11-13T16:22:23+00:00","og_image":[{"width":1000,"height":667,"url":"https:\/\/agrupamentonisa.edu.gov.pt\/site\/wp-content\/uploads\/2024\/11\/IMG_6994-Copia.jpg","type":"image\/jpeg"}],"author":"Isabel Rovisco","twitter_card":"summary_large_image","twitter_misc":{"Escrito por":"Isabel Rovisco","Tempo estimado de leitura":"2 minutos"},"schema":{"@context":"https:\/\/schema.org","@graph":[{"@type":"Article","@id":"https:\/\/agrupamentonisa.edu.gov.pt\/site\/quimica-verde-e-energias-alternativas\/#article","isPartOf":{"@id":"https:\/\/agrupamentonisa.edu.gov.pt\/site\/quimica-verde-e-energias-alternativas\/"},"author":{"name":"Isabel Rovisco","@id":"https:\/\/agrupamentonisa.edu.gov.pt\/site\/#\/schema\/person\/d74140b829635a088f61af8fa1f6443f"},"headline":"Qu\u00edmica Verde e Energias Alternativas","datePublished":"2024-11-12T12:33:07+00:00","dateModified":"2024-11-13T16:22:23+00:00","mainEntityOfPage":{"@id":"https:\/\/agrupamentonisa.edu.gov.pt\/site\/quimica-verde-e-energias-alternativas\/"},"wordCount":297,"publisher":{"@id":"https:\/\/agrupamentonisa.edu.gov.pt\/site\/#organization"},"image":{"@id":"https:\/\/agrupamentonisa.edu.gov.pt\/site\/quimica-verde-e-energias-alternativas\/#primaryimage"},"thumbnailUrl":"https:\/\/agrupamentonisa.edu.gov.pt\/site\/wp-content\/uploads\/2024\/11\/IMG_6994-Copia.jpg","articleSection":["Acontece","Clube de Ci\u00eancia Viva","Destaques"],"inLanguage":"pt-PT"},{"@type":"WebPage","@id":"https:\/\/agrupamentonisa.edu.gov.pt\/site\/quimica-verde-e-energias-alternativas\/","url":"https:\/\/agrupamentonisa.edu.gov.pt\/site\/quimica-verde-e-energias-alternativas\/","name":"Qu\u00edmica Verde e Energias Alternativas - Agrupamento de Escolas Nisa","isPartOf":{"@id":"https:\/\/agrupamentonisa.edu.gov.pt\/site\/#website"},"primaryImageOfPage":{"@id":"https:\/\/agrupamentonisa.edu.gov.pt\/site\/quimica-verde-e-energias-alternativas\/#primaryimage"},"image":{"@id":"https:\/\/agrupamentonisa.edu.gov.pt\/site\/quimica-verde-e-energias-alternativas\/#primaryimage"},"thumbnailUrl":"https:\/\/agrupamentonisa.edu.gov.pt\/site\/wp-content\/uploads\/2024\/11\/IMG_6994-Copia.jpg","datePublished":"2024-11-12T12:33:07+00:00","dateModified":"2024-11-13T16:22:23+00:00","breadcrumb":{"@id":"https:\/\/agrupamentonisa.edu.gov.pt\/site\/quimica-verde-e-energias-alternativas\/#breadcrumb"},"inLanguage":"pt-PT","potentialAction":[{"@type":"ReadAction","target":["https:\/\/agrupamentonisa.edu.gov.pt\/site\/quimica-verde-e-energias-alternativas\/"]}]},{"@type":"ImageObject","inLanguage":"pt-PT","@id":"https:\/\/agrupamentonisa.edu.gov.pt\/site\/quimica-verde-e-energias-alternativas\/#primaryimage","url":"https:\/\/agrupamentonisa.edu.gov.pt\/site\/wp-content\/uploads\/2024\/11\/IMG_6994-Copia.jpg","contentUrl":"https:\/\/agrupamentonisa.edu.gov.pt\/site\/wp-content\/uploads\/2024\/11\/IMG_6994-Copia.jpg","width":1000,"height":667},{"@type":"BreadcrumbList","@id":"https:\/\/agrupamentonisa.edu.gov.pt\/site\/quimica-verde-e-energias-alternativas\/#breadcrumb","itemListElement":[{"@type":"ListItem","position":1,"name":"In\u00edcio","item":"https:\/\/agrupamentonisa.edu.gov.pt\/site\/"},{"@type":"ListItem","position":2,"name":"Qu\u00edmica Verde e Energias Alternativas"}]},{"@type":"WebSite","@id":"https:\/\/agrupamentonisa.edu.gov.pt\/site\/#website","url":"https:\/\/agrupamentonisa.edu.gov.pt\/site\/","name":"Agrupamento de Escolas Nisa","description":"Site Escolar do Agrupamento de Escolas Nisa","publisher":{"@id":"https:\/\/agrupamentonisa.edu.gov.pt\/site\/#organization"},"potentialAction":[{"@type":"SearchAction","target":{"@type":"EntryPoint","urlTemplate":"https:\/\/agrupamentonisa.edu.gov.pt\/site\/?s={search_term_string}"},"query-input":{"@type":"PropertyValueSpecification","valueRequired":true,"valueName":"search_term_string"}}],"inLanguage":"pt-PT"},{"@type":"Organization","@id":"https:\/\/agrupamentonisa.edu.gov.pt\/site\/#organization","name":"Agrupamento de Escolas Nisa","url":"https:\/\/agrupamentonisa.edu.gov.pt\/site\/","logo":{"@type":"ImageObject","inLanguage":"pt-PT","@id":"https:\/\/agrupamentonisa.edu.gov.pt\/site\/#\/schema\/logo\/image\/","url":"https:\/\/agrupamentonisa.edu.gov.pt\/site\/wp-content\/uploads\/2024\/03\/logo.png","contentUrl":"https:\/\/agrupamentonisa.edu.gov.pt\/site\/wp-content\/uploads\/2024\/03\/logo.png","width":1086,"height":546,"caption":"Agrupamento de Escolas Nisa"},"image":{"@id":"https:\/\/agrupamentonisa.edu.gov.pt\/site\/#\/schema\/logo\/image\/"},"sameAs":["https:\/\/www.facebook.com\/p\/Agrupamento-de-Escolas-de-Nisa-100031784060549\/?locale=pt_PT","https:\/\/www.youtube.com\/@canalyoutubeagrupamentonisa"]},{"@type":"Person","@id":"https:\/\/agrupamentonisa.edu.gov.pt\/site\/#\/schema\/person\/d74140b829635a088f61af8fa1f6443f","name":"Isabel Rovisco","image":{"@type":"ImageObject","inLanguage":"pt-PT","@id":"https:\/\/agrupamentonisa.edu.gov.pt\/site\/#\/schema\/person\/image\/","url":"https:\/\/secure.gravatar.com\/avatar\/0db661b1b9669852a75cadb1b2466112?s=96&d=mm&r=g","contentUrl":"https:\/\/secure.gravatar.com\/avatar\/0db661b1b9669852a75cadb1b2466112?s=96&d=mm&r=g","caption":"Isabel Rovisco"},"url":"https:\/\/agrupamentonisa.edu.gov.pt\/site\/author\/isabel-rovisco\/"}]}},"modified_by":"webmaster","_links":{"self":[{"href":"https:\/\/agrupamentonisa.edu.gov.pt\/site\/wp-json\/wp\/v2\/posts\/4394","targetHints":{"allow":["GET"]}}],"collection":[{"href":"https:\/\/agrupamentonisa.edu.gov.pt\/site\/wp-json\/wp\/v2\/posts"}],"about":[{"href":"https:\/\/agrupamentonisa.edu.gov.pt\/site\/wp-json\/wp\/v2\/types\/post"}],"author":[{"embeddable":true,"href":"https:\/\/agrupamentonisa.edu.gov.pt\/site\/wp-json\/wp\/v2\/users\/6"}],"replies":[{"embeddable":true,"href":"https:\/\/agrupamentonisa.edu.gov.pt\/site\/wp-json\/wp\/v2\/comments?post=4394"}],"version-history":[{"count":3,"href":"https:\/\/agrupamentonisa.edu.gov.pt\/site\/wp-json\/wp\/v2\/posts\/4394\/revisions"}],"predecessor-version":[{"id":4478,"href":"https:\/\/agrupamentonisa.edu.gov.pt\/site\/wp-json\/wp\/v2\/posts\/4394\/revisions\/4478"}],"wp:featuredmedia":[{"embeddable":true,"href":"https:\/\/agrupamentonisa.edu.gov.pt\/site\/wp-json\/wp\/v2\/media\/4476"}],"wp:attachment":[{"href":"https:\/\/agrupamentonisa.edu.gov.pt\/site\/wp-json\/wp\/v2\/media?parent=4394"}],"wp:term":[{"taxonomy":"category","embeddable":true,"href":"https:\/\/agrupamentonisa.edu.gov.pt\/site\/wp-json\/wp\/v2\/categories?post=4394"},{"taxonomy":"post_tag","embeddable":true,"href":"https:\/\/agrupamentonisa.edu.gov.pt\/site\/wp-json\/wp\/v2\/tags?post=4394"}],"curies":[{"name":"wp","href":"https:\/\/api.w.org\/{rel}","templated":true}]}}