{"id":3995,"date":"2024-07-30T14:48:14","date_gmt":"2024-07-30T14:48:14","guid":{"rendered":"https:\/\/agrupamentonisa.edu.gov.pt\/site\/\/?p=3995"},"modified":"2024-07-30T15:03:23","modified_gmt":"2024-07-30T15:03:23","slug":"curso-profissional-de-desporto-animacao-matriculas","status":"publish","type":"post","link":"https:\/\/agrupamentonisa.edu.gov.pt\/site\/curso-profissional-de-desporto-animacao-matriculas\/","title":{"rendered":"Curso Profissional de Desporto\/Anima\u00e7\u00e3o &#8211; Matr\u00edculas"},"content":{"rendered":"<p>Est\u00e3o abertas as matr\u00edculas para o Curso Profissional de Desporto\/Anima\u00e7\u00e3o Sociocultural.<\/p>\n<p><a href=\"https:\/\/forms.gle\/9tNkPQofoBSwD7dEA\" target=\"_blank\" rel=\"noopener\">Inscreve-te aqui<\/a><\/p>\n<p><iframe title=\"Curso De T\u00e9cnico de Desporto   Agrupamento de Escolas de Nisa\" width=\"640\" height=\"360\" src=\"https:\/\/www.youtube.com\/embed\/I-LXzC61a9k?feature=oembed\" frameborder=\"0\" allow=\"accelerometer; autoplay; clipboard-write; encrypted-media; gyroscope; picture-in-picture; web-share\" referrerpolicy=\"strict-origin-when-cross-origin\" allowfullscreen><\/iframe><\/p>\n","protected":false},"excerpt":{"rendered":"<p>Est\u00e3o abertas as matr\u00edculas para o Curso Profissional de Desporto\/Anima\u00e7\u00e3o Sociocultural. Inscreve-te aqui<\/p>\n","protected":false},"author":1,"featured_media":0,"comment_status":"closed","ping_status":"open","sticky":false,"template":"","format":"standard","meta":{"_lmt_disableupdate":"no","_lmt_disable":"","footnotes":""},"categories":[114],"tags":[],"class_list":["post-3995","post","type-post","status-publish","format-standard","hentry","category-projects"],"yoast_head":"<!-- This site is optimized with the Yoast SEO plugin v25.5 - https:\/\/yoast.com\/wordpress\/plugins\/seo\/ -->\n<title>Curso Profissional de Desporto\/Anima\u00e7\u00e3o - Matr\u00edculas - Agrupamento de Escolas Nisa<\/title>\n<meta name=\"robots\" content=\"index, follow, max-snippet:-1, max-image-preview:large, max-video-preview:-1\" \/>\n<link rel=\"canonical\" href=\"https:\/\/agrupamentonisa.edu.gov.pt\/site\/curso-profissional-de-desporto-animacao-matriculas\/\" \/>\n<meta property=\"og:locale\" content=\"pt_PT\" \/>\n<meta property=\"og:type\" content=\"article\" \/>\n<meta property=\"og:title\" content=\"Curso Profissional de Desporto\/Anima\u00e7\u00e3o - Matr\u00edculas - Agrupamento de Escolas Nisa\" \/>\n<meta property=\"og:description\" content=\"Est\u00e3o abertas as matr\u00edculas para o Curso Profissional de Desporto\/Anima\u00e7\u00e3o Sociocultural. Inscreve-te aqui\" \/>\n<meta property=\"og:url\" content=\"https:\/\/agrupamentonisa.edu.gov.pt\/site\/curso-profissional-de-desporto-animacao-matriculas\/\" \/>\n<meta property=\"og:site_name\" content=\"Agrupamento de Escolas Nisa\" \/>\n<meta property=\"article:publisher\" content=\"https:\/\/www.facebook.com\/p\/Agrupamento-de-Escolas-de-Nisa-100031784060549\/?locale=pt_PT\" \/>\n<meta property=\"article:published_time\" content=\"2024-07-30T14:48:14+00:00\" \/>\n<meta property=\"article:modified_time\" content=\"2024-07-30T15:03:23+00:00\" \/>\n<meta name=\"author\" content=\"webmaster\" \/>\n<meta name=\"twitter:card\" content=\"summary_large_image\" \/>\n<meta name=\"twitter:label1\" content=\"Escrito por\" \/>\n\t<meta name=\"twitter:data1\" content=\"webmaster\" \/>\n<script type=\"application\/ld+json\" class=\"yoast-schema-graph\">{\"@context\":\"https:\/\/schema.org\",\"@graph\":[{\"@type\":\"Article\",\"@id\":\"https:\/\/agrupamentonisa.edu.gov.pt\/site\/curso-profissional-de-desporto-animacao-matriculas\/#article\",\"isPartOf\":{\"@id\":\"https:\/\/agrupamentonisa.edu.gov.pt\/site\/curso-profissional-de-desporto-animacao-matriculas\/\"},\"author\":{\"name\":\"webmaster\",\"@id\":\"https:\/\/agrupamentonisa.edu.gov.pt\/site\/#\/schema\/person\/e1ca82bad4ba726bcdba63b2637a60c8\"},\"headline\":\"Curso Profissional de Desporto\/Anima\u00e7\u00e3o &#8211; Matr\u00edculas\",\"datePublished\":\"2024-07-30T14:48:14+00:00\",\"dateModified\":\"2024-07-30T15:03:23+00:00\",\"mainEntityOfPage\":{\"@id\":\"https:\/\/agrupamentonisa.edu.gov.pt\/site\/curso-profissional-de-desporto-animacao-matriculas\/\"},\"wordCount\":32,\"publisher\":{\"@id\":\"https:\/\/agrupamentonisa.edu.gov.pt\/site\/#organization\"},\"articleSection\":[\"Destaques\"],\"inLanguage\":\"pt-PT\"},{\"@type\":\"WebPage\",\"@id\":\"https:\/\/agrupamentonisa.edu.gov.pt\/site\/curso-profissional-de-desporto-animacao-matriculas\/\",\"url\":\"https:\/\/agrupamentonisa.edu.gov.pt\/site\/curso-profissional-de-desporto-animacao-matriculas\/\",\"name\":\"Curso Profissional de Desporto\/Anima\u00e7\u00e3o - Matr\u00edculas - Agrupamento de Escolas Nisa\",\"isPartOf\":{\"@id\":\"https:\/\/agrupamentonisa.edu.gov.pt\/site\/#website\"},\"datePublished\":\"2024-07-30T14:48:14+00:00\",\"dateModified\":\"2024-07-30T15:03:23+00:00\",\"breadcrumb\":{\"@id\":\"https:\/\/agrupamentonisa.edu.gov.pt\/site\/curso-profissional-de-desporto-animacao-matriculas\/#breadcrumb\"},\"inLanguage\":\"pt-PT\",\"potentialAction\":[{\"@type\":\"ReadAction\",\"target\":[\"https:\/\/agrupamentonisa.edu.gov.pt\/site\/curso-profissional-de-desporto-animacao-matriculas\/\"]}]},{\"@type\":\"BreadcrumbList\",\"@id\":\"https:\/\/agrupamentonisa.edu.gov.pt\/site\/curso-profissional-de-desporto-animacao-matriculas\/#breadcrumb\",\"itemListElement\":[{\"@type\":\"ListItem\",\"position\":1,\"name\":\"In\u00edcio\",\"item\":\"https:\/\/agrupamentonisa.edu.gov.pt\/site\/\"},{\"@type\":\"ListItem\",\"position\":2,\"name\":\"Curso Profissional de Desporto\/Anima\u00e7\u00e3o &#8211; Matr\u00edculas\"}]},{\"@type\":\"WebSite\",\"@id\":\"https:\/\/agrupamentonisa.edu.gov.pt\/site\/#website\",\"url\":\"https:\/\/agrupamentonisa.edu.gov.pt\/site\/\",\"name\":\"Agrupamento de Escolas Nisa\",\"description\":\"Site Escolar do Agrupamento de Escolas Nisa\",\"publisher\":{\"@id\":\"https:\/\/agrupamentonisa.edu.gov.pt\/site\/#organization\"},\"potentialAction\":[{\"@type\":\"SearchAction\",\"target\":{\"@type\":\"EntryPoint\",\"urlTemplate\":\"https:\/\/agrupamentonisa.edu.gov.pt\/site\/?s={search_term_string}\"},\"query-input\":{\"@type\":\"PropertyValueSpecification\",\"valueRequired\":true,\"valueName\":\"search_term_string\"}}],\"inLanguage\":\"pt-PT\"},{\"@type\":\"Organization\",\"@id\":\"https:\/\/agrupamentonisa.edu.gov.pt\/site\/#organization\",\"name\":\"Agrupamento de Escolas Nisa\",\"url\":\"https:\/\/agrupamentonisa.edu.gov.pt\/site\/\",\"logo\":{\"@type\":\"ImageObject\",\"inLanguage\":\"pt-PT\",\"@id\":\"https:\/\/agrupamentonisa.edu.gov.pt\/site\/#\/schema\/logo\/image\/\",\"url\":\"https:\/\/agrupamentonisa.edu.gov.pt\/site\/wp-content\/uploads\/2024\/03\/logo.png\",\"contentUrl\":\"https:\/\/agrupamentonisa.edu.gov.pt\/site\/wp-content\/uploads\/2024\/03\/logo.png\",\"width\":1086,\"height\":546,\"caption\":\"Agrupamento de Escolas Nisa\"},\"image\":{\"@id\":\"https:\/\/agrupamentonisa.edu.gov.pt\/site\/#\/schema\/logo\/image\/\"},\"sameAs\":[\"https:\/\/www.facebook.com\/p\/Agrupamento-de-Escolas-de-Nisa-100031784060549\/?locale=pt_PT\",\"https:\/\/www.youtube.com\/@canalyoutubeagrupamentonisa\"]},{\"@type\":\"Person\",\"@id\":\"https:\/\/agrupamentonisa.edu.gov.pt\/site\/#\/schema\/person\/e1ca82bad4ba726bcdba63b2637a60c8\",\"name\":\"webmaster\",\"image\":{\"@type\":\"ImageObject\",\"inLanguage\":\"pt-PT\",\"@id\":\"https:\/\/agrupamentonisa.edu.gov.pt\/site\/#\/schema\/person\/image\/\",\"url\":\"https:\/\/secure.gravatar.com\/avatar\/4f6f69c82d272f11d2c7bbcea6d25cda?s=96&d=mm&r=g\",\"contentUrl\":\"https:\/\/secure.gravatar.com\/avatar\/4f6f69c82d272f11d2c7bbcea6d25cda?s=96&d=mm&r=g\",\"caption\":\"webmaster\"},\"sameAs\":[\"http:\/\/agrupamento-nisa.syswave-it.pt\/\"],\"url\":\"https:\/\/agrupamentonisa.edu.gov.pt\/site\/author\/webmaster\/\"}]}<\/script>\n<!-- \/ Yoast SEO plugin. -->","yoast_head_json":{"title":"Curso Profissional de Desporto\/Anima\u00e7\u00e3o - Matr\u00edculas - Agrupamento de Escolas Nisa","robots":{"index":"index","follow":"follow","max-snippet":"max-snippet:-1","max-image-preview":"max-image-preview:large","max-video-preview":"max-video-preview:-1"},"canonical":"https:\/\/agrupamentonisa.edu.gov.pt\/site\/curso-profissional-de-desporto-animacao-matriculas\/","og_locale":"pt_PT","og_type":"article","og_title":"Curso Profissional de Desporto\/Anima\u00e7\u00e3o - Matr\u00edculas - Agrupamento de Escolas Nisa","og_description":"Est\u00e3o abertas as matr\u00edculas para o Curso Profissional de Desporto\/Anima\u00e7\u00e3o Sociocultural. Inscreve-te aqui","og_url":"https:\/\/agrupamentonisa.edu.gov.pt\/site\/curso-profissional-de-desporto-animacao-matriculas\/","og_site_name":"Agrupamento de Escolas Nisa","article_publisher":"https:\/\/www.facebook.com\/p\/Agrupamento-de-Escolas-de-Nisa-100031784060549\/?locale=pt_PT","article_published_time":"2024-07-30T14:48:14+00:00","article_modified_time":"2024-07-30T15:03:23+00:00","author":"webmaster","twitter_card":"summary_large_image","twitter_misc":{"Escrito por":"webmaster"},"schema":{"@context":"https:\/\/schema.org","@graph":[{"@type":"Article","@id":"https:\/\/agrupamentonisa.edu.gov.pt\/site\/curso-profissional-de-desporto-animacao-matriculas\/#article","isPartOf":{"@id":"https:\/\/agrupamentonisa.edu.gov.pt\/site\/curso-profissional-de-desporto-animacao-matriculas\/"},"author":{"name":"webmaster","@id":"https:\/\/agrupamentonisa.edu.gov.pt\/site\/#\/schema\/person\/e1ca82bad4ba726bcdba63b2637a60c8"},"headline":"Curso Profissional de Desporto\/Anima\u00e7\u00e3o &#8211; Matr\u00edculas","datePublished":"2024-07-30T14:48:14+00:00","dateModified":"2024-07-30T15:03:23+00:00","mainEntityOfPage":{"@id":"https:\/\/agrupamentonisa.edu.gov.pt\/site\/curso-profissional-de-desporto-animacao-matriculas\/"},"wordCount":32,"publisher":{"@id":"https:\/\/agrupamentonisa.edu.gov.pt\/site\/#organization"},"articleSection":["Destaques"],"inLanguage":"pt-PT"},{"@type":"WebPage","@id":"https:\/\/agrupamentonisa.edu.gov.pt\/site\/curso-profissional-de-desporto-animacao-matriculas\/","url":"https:\/\/agrupamentonisa.edu.gov.pt\/site\/curso-profissional-de-desporto-animacao-matriculas\/","name":"Curso Profissional de Desporto\/Anima\u00e7\u00e3o - Matr\u00edculas - Agrupamento de Escolas Nisa","isPartOf":{"@id":"https:\/\/agrupamentonisa.edu.gov.pt\/site\/#website"},"datePublished":"2024-07-30T14:48:14+00:00","dateModified":"2024-07-30T15:03:23+00:00","breadcrumb":{"@id":"https:\/\/agrupamentonisa.edu.gov.pt\/site\/curso-profissional-de-desporto-animacao-matriculas\/#breadcrumb"},"inLanguage":"pt-PT","potentialAction":[{"@type":"ReadAction","target":["https:\/\/agrupamentonisa.edu.gov.pt\/site\/curso-profissional-de-desporto-animacao-matriculas\/"]}]},{"@type":"BreadcrumbList","@id":"https:\/\/agrupamentonisa.edu.gov.pt\/site\/curso-profissional-de-desporto-animacao-matriculas\/#breadcrumb","itemListElement":[{"@type":"ListItem","position":1,"name":"In\u00edcio","item":"https:\/\/agrupamentonisa.edu.gov.pt\/site\/"},{"@type":"ListItem","position":2,"name":"Curso Profissional de Desporto\/Anima\u00e7\u00e3o &#8211; Matr\u00edculas"}]},{"@type":"WebSite","@id":"https:\/\/agrupamentonisa.edu.gov.pt\/site\/#website","url":"https:\/\/agrupamentonisa.edu.gov.pt\/site\/","name":"Agrupamento de Escolas Nisa","description":"Site Escolar do Agrupamento de Escolas Nisa","publisher":{"@id":"https:\/\/agrupamentonisa.edu.gov.pt\/site\/#organization"},"potentialAction":[{"@type":"SearchAction","target":{"@type":"EntryPoint","urlTemplate":"https:\/\/agrupamentonisa.edu.gov.pt\/site\/?s={search_term_string}"},"query-input":{"@type":"PropertyValueSpecification","valueRequired":true,"valueName":"search_term_string"}}],"inLanguage":"pt-PT"},{"@type":"Organization","@id":"https:\/\/agrupamentonisa.edu.gov.pt\/site\/#organization","name":"Agrupamento de Escolas Nisa","url":"https:\/\/agrupamentonisa.edu.gov.pt\/site\/","logo":{"@type":"ImageObject","inLanguage":"pt-PT","@id":"https:\/\/agrupamentonisa.edu.gov.pt\/site\/#\/schema\/logo\/image\/","url":"https:\/\/agrupamentonisa.edu.gov.pt\/site\/wp-content\/uploads\/2024\/03\/logo.png","contentUrl":"https:\/\/agrupamentonisa.edu.gov.pt\/site\/wp-content\/uploads\/2024\/03\/logo.png","width":1086,"height":546,"caption":"Agrupamento de Escolas Nisa"},"image":{"@id":"https:\/\/agrupamentonisa.edu.gov.pt\/site\/#\/schema\/logo\/image\/"},"sameAs":["https:\/\/www.facebook.com\/p\/Agrupamento-de-Escolas-de-Nisa-100031784060549\/?locale=pt_PT","https:\/\/www.youtube.com\/@canalyoutubeagrupamentonisa"]},{"@type":"Person","@id":"https:\/\/agrupamentonisa.edu.gov.pt\/site\/#\/schema\/person\/e1ca82bad4ba726bcdba63b2637a60c8","name":"webmaster","image":{"@type":"ImageObject","inLanguage":"pt-PT","@id":"https:\/\/agrupamentonisa.edu.gov.pt\/site\/#\/schema\/person\/image\/","url":"https:\/\/secure.gravatar.com\/avatar\/4f6f69c82d272f11d2c7bbcea6d25cda?s=96&d=mm&r=g","contentUrl":"https:\/\/secure.gravatar.com\/avatar\/4f6f69c82d272f11d2c7bbcea6d25cda?s=96&d=mm&r=g","caption":"webmaster"},"sameAs":["http:\/\/agrupamento-nisa.syswave-it.pt\/"],"url":"https:\/\/agrupamentonisa.edu.gov.pt\/site\/author\/webmaster\/"}]}},"modified_by":"Tito Filipe","_links":{"self":[{"href":"https:\/\/agrupamentonisa.edu.gov.pt\/site\/wp-json\/wp\/v2\/posts\/3995","targetHints":{"allow":["GET"]}}],"collection":[{"href":"https:\/\/agrupamentonisa.edu.gov.pt\/site\/wp-json\/wp\/v2\/posts"}],"about":[{"href":"https:\/\/agrupamentonisa.edu.gov.pt\/site\/wp-json\/wp\/v2\/types\/post"}],"author":[{"embeddable":true,"href":"https:\/\/agrupamentonisa.edu.gov.pt\/site\/wp-json\/wp\/v2\/users\/1"}],"replies":[{"embeddable":true,"href":"https:\/\/agrupamentonisa.edu.gov.pt\/site\/wp-json\/wp\/v2\/comments?post=3995"}],"version-history":[{"count":6,"href":"https:\/\/agrupamentonisa.edu.gov.pt\/site\/wp-json\/wp\/v2\/posts\/3995\/revisions"}],"predecessor-version":[{"id":4088,"href":"https:\/\/agrupamentonisa.edu.gov.pt\/site\/wp-json\/wp\/v2\/posts\/3995\/revisions\/4088"}],"wp:attachment":[{"href":"https:\/\/agrupamentonisa.edu.gov.pt\/site\/wp-json\/wp\/v2\/media?parent=3995"}],"wp:term":[{"taxonomy":"category","embeddable":true,"href":"https:\/\/agrupamentonisa.edu.gov.pt\/site\/wp-json\/wp\/v2\/categories?post=3995"},{"taxonomy":"post_tag","embeddable":true,"href":"https:\/\/agrupamentonisa.edu.gov.pt\/site\/wp-json\/wp\/v2\/tags?post=3995"}],"curies":[{"name":"wp","href":"https:\/\/api.w.org\/{rel}","templated":true}]}}