{"id":3817,"date":"2024-05-08T14:09:08","date_gmt":"2024-05-08T14:09:08","guid":{"rendered":"https:\/\/agrupamentonisa.edu.gov.pt\/site\/\/?p=3817"},"modified":"2024-06-19T14:14:39","modified_gmt":"2024-06-19T14:14:39","slug":"visita-de-estudo-ao-portugal-dos-pequenitos-e-exploratorio-de-coimbra","status":"publish","type":"post","link":"https:\/\/agrupamentonisa.edu.gov.pt\/site\/visita-de-estudo-ao-portugal-dos-pequenitos-e-exploratorio-de-coimbra\/","title":{"rendered":"Visita de Estudo ao Portugal dos Pequenitos e Explorat\u00f3rio de Coimbra"},"content":{"rendered":"<p>No \u00e2mbito do Projeto Pessoas-2024-1 Recupera\u00e7\u00e3o das Aprendizagens, Promo\u00e7\u00e3o do Sucesso Escolar e Combate \u00e0s Desigualdades (PRA), realizou-se no dia 8 de maio, uma visita de estudo ao Portugal dos Pequenitos e Explorat\u00f3rio de Coimbra com as turmas de 1\u00b0 e 2\u00b0 ano.<\/p>\n<p><img fetchpriority=\"high\" decoding=\"async\" class=\"alignnone wp-image-3819 size-medium\" src=\"https:\/\/agrupamentonisa.edu.gov.pt\/site\/\/wp-content\/uploads\/2024\/06\/435987300_1135516207647407_1189147852138504485_n-300x169.jpg\" alt=\"\" width=\"300\" height=\"169\" srcset=\"https:\/\/agrupamentonisa.edu.gov.pt\/site\/wp-content\/uploads\/2024\/06\/435987300_1135516207647407_1189147852138504485_n-300x169.jpg 300w, https:\/\/agrupamentonisa.edu.gov.pt\/site\/wp-content\/uploads\/2024\/06\/435987300_1135516207647407_1189147852138504485_n-768x432.jpg 768w, https:\/\/agrupamentonisa.edu.gov.pt\/site\/wp-content\/uploads\/2024\/06\/435987300_1135516207647407_1189147852138504485_n.jpg 960w\" sizes=\"(max-width: 300px) 100vw, 300px\" \/> <img decoding=\"async\" class=\"alignnone wp-image-3820 size-medium\" src=\"https:\/\/agrupamentonisa.edu.gov.pt\/site\/\/wp-content\/uploads\/2024\/06\/438241764_1143065366892491_6545567812177876236_n-300x225.jpg\" alt=\"\" width=\"300\" height=\"225\" srcset=\"https:\/\/agrupamentonisa.edu.gov.pt\/site\/wp-content\/uploads\/2024\/06\/438241764_1143065366892491_6545567812177876236_n-300x225.jpg 300w, https:\/\/agrupamentonisa.edu.gov.pt\/site\/wp-content\/uploads\/2024\/06\/438241764_1143065366892491_6545567812177876236_n-1024x768.jpg 1024w, https:\/\/agrupamentonisa.edu.gov.pt\/site\/wp-content\/uploads\/2024\/06\/438241764_1143065366892491_6545567812177876236_n-768x576.jpg 768w, https:\/\/agrupamentonisa.edu.gov.pt\/site\/wp-content\/uploads\/2024\/06\/438241764_1143065366892491_6545567812177876236_n-1536x1152.jpg 1536w, https:\/\/agrupamentonisa.edu.gov.pt\/site\/wp-content\/uploads\/2024\/06\/438241764_1143065366892491_6545567812177876236_n.jpg 1600w\" sizes=\"(max-width: 300px) 100vw, 300px\" \/> <img decoding=\"async\" class=\"alignnone wp-image-3821 size-medium\" src=\"https:\/\/agrupamentonisa.edu.gov.pt\/site\/\/wp-content\/uploads\/2024\/06\/438255233_1135517044313990_3468389798229835471_n-226x300.jpg\" alt=\"\" width=\"226\" height=\"300\" srcset=\"https:\/\/agrupamentonisa.edu.gov.pt\/site\/wp-content\/uploads\/2024\/06\/438255233_1135517044313990_3468389798229835471_n-226x300.jpg 226w, https:\/\/agrupamentonisa.edu.gov.pt\/site\/wp-content\/uploads\/2024\/06\/438255233_1135517044313990_3468389798229835471_n.jpg 452w\" sizes=\"(max-width: 226px) 100vw, 226px\" \/> <img loading=\"lazy\" decoding=\"async\" class=\"alignnone wp-image-3822 size-medium\" src=\"https:\/\/agrupamentonisa.edu.gov.pt\/site\/\/wp-content\/uploads\/2024\/06\/438259915_1143064500225911_338396233440002292_n-225x300.jpg\" alt=\"\" width=\"225\" height=\"300\" srcset=\"https:\/\/agrupamentonisa.edu.gov.pt\/site\/wp-content\/uploads\/2024\/06\/438259915_1143064500225911_338396233440002292_n-225x300.jpg 225w, https:\/\/agrupamentonisa.edu.gov.pt\/site\/wp-content\/uploads\/2024\/06\/438259915_1143064500225911_338396233440002292_n-768x1024.jpg 768w, https:\/\/agrupamentonisa.edu.gov.pt\/site\/wp-content\/uploads\/2024\/06\/438259915_1143064500225911_338396233440002292_n-1152x1536.jpg 1152w, https:\/\/agrupamentonisa.edu.gov.pt\/site\/wp-content\/uploads\/2024\/06\/438259915_1143064500225911_338396233440002292_n.jpg 1200w\" sizes=\"(max-width: 225px) 100vw, 225px\" \/> <img loading=\"lazy\" decoding=\"async\" class=\"alignnone wp-image-3823 size-medium\" src=\"https:\/\/agrupamentonisa.edu.gov.pt\/site\/\/wp-content\/uploads\/2024\/06\/440119879_1135516334314061_4420657929108902640_n-300x225.jpg\" alt=\"\" width=\"300\" height=\"225\" srcset=\"https:\/\/agrupamentonisa.edu.gov.pt\/site\/wp-content\/uploads\/2024\/06\/440119879_1135516334314061_4420657929108902640_n-300x225.jpg 300w, https:\/\/agrupamentonisa.edu.gov.pt\/site\/wp-content\/uploads\/2024\/06\/440119879_1135516334314061_4420657929108902640_n-768x576.jpg 768w, https:\/\/agrupamentonisa.edu.gov.pt\/site\/wp-content\/uploads\/2024\/06\/440119879_1135516334314061_4420657929108902640_n.jpg 960w\" sizes=\"(max-width: 300px) 100vw, 300px\" \/> <img loading=\"lazy\" decoding=\"async\" class=\"alignnone wp-image-3824 size-medium\" src=\"https:\/\/agrupamentonisa.edu.gov.pt\/site\/\/wp-content\/uploads\/2024\/06\/440178124_1135516830980678_597481604645491974_n-300x225.jpg\" alt=\"\" width=\"300\" height=\"225\" srcset=\"https:\/\/agrupamentonisa.edu.gov.pt\/site\/wp-content\/uploads\/2024\/06\/440178124_1135516830980678_597481604645491974_n-300x225.jpg 300w, https:\/\/agrupamentonisa.edu.gov.pt\/site\/wp-content\/uploads\/2024\/06\/440178124_1135516830980678_597481604645491974_n-768x576.jpg 768w, https:\/\/agrupamentonisa.edu.gov.pt\/site\/wp-content\/uploads\/2024\/06\/440178124_1135516830980678_597481604645491974_n.jpg 960w\" sizes=\"(max-width: 300px) 100vw, 300px\" \/> <img loading=\"lazy\" decoding=\"async\" class=\"alignnone wp-image-3825 size-medium\" src=\"https:\/\/agrupamentonisa.edu.gov.pt\/site\/\/wp-content\/uploads\/2024\/06\/441951839_1143063113559383_571166029806008049_n-300x225.jpg\" alt=\"\" width=\"300\" height=\"225\" srcset=\"https:\/\/agrupamentonisa.edu.gov.pt\/site\/wp-content\/uploads\/2024\/06\/441951839_1143063113559383_571166029806008049_n-300x225.jpg 300w, https:\/\/agrupamentonisa.edu.gov.pt\/site\/wp-content\/uploads\/2024\/06\/441951839_1143063113559383_571166029806008049_n-768x576.jpg 768w, https:\/\/agrupamentonisa.edu.gov.pt\/site\/wp-content\/uploads\/2024\/06\/441951839_1143063113559383_571166029806008049_n.jpg 960w\" sizes=\"(max-width: 300px) 100vw, 300px\" \/> <img loading=\"lazy\" decoding=\"async\" class=\"alignnone wp-image-3826 size-medium\" src=\"https:\/\/agrupamentonisa.edu.gov.pt\/site\/\/wp-content\/uploads\/2024\/06\/445445321_1143064513559243_957723263975928819_n-225x300.jpg\" alt=\"\" width=\"225\" height=\"300\" srcset=\"https:\/\/agrupamentonisa.edu.gov.pt\/site\/wp-content\/uploads\/2024\/06\/445445321_1143064513559243_957723263975928819_n-225x300.jpg 225w, https:\/\/agrupamentonisa.edu.gov.pt\/site\/wp-content\/uploads\/2024\/06\/445445321_1143064513559243_957723263975928819_n-768x1024.jpg 768w, https:\/\/agrupamentonisa.edu.gov.pt\/site\/wp-content\/uploads\/2024\/06\/445445321_1143064513559243_957723263975928819_n-1152x1536.jpg 1152w, https:\/\/agrupamentonisa.edu.gov.pt\/site\/wp-content\/uploads\/2024\/06\/445445321_1143064513559243_957723263975928819_n.jpg 1200w\" sizes=\"(max-width: 225px) 100vw, 225px\" \/><\/p>\n","protected":false},"excerpt":{"rendered":"<p>No \u00e2mbito do Projeto Pessoas-2024-1 Recupera\u00e7\u00e3o das Aprendizagens, Promo\u00e7\u00e3o do Sucesso Escolar e Combate \u00e0s Desigualdades (PRA), realizou-se no dia&#8230;<\/p>\n","protected":false},"author":1,"featured_media":3818,"comment_status":"closed","ping_status":"open","sticky":false,"template":"","format":"standard","meta":{"_lmt_disableupdate":"no","_lmt_disable":"","footnotes":""},"categories":[146,153],"tags":[158,159],"class_list":["post-3817","post","type-post","status-publish","format-standard","has-post-thumbnail","hentry","category-acontece","category-pessoas_2030","tag-1o","tag-2o"],"yoast_head":"<!-- This site is optimized with the Yoast SEO plugin v25.5 - https:\/\/yoast.com\/wordpress\/plugins\/seo\/ -->\n<title>Visita de Estudo ao Portugal dos Pequenitos e Explorat\u00f3rio de Coimbra - Agrupamento de Escolas Nisa<\/title>\n<meta name=\"robots\" content=\"index, follow, max-snippet:-1, max-image-preview:large, max-video-preview:-1\" \/>\n<link rel=\"canonical\" href=\"https:\/\/agrupamentonisa.edu.gov.pt\/site\/visita-de-estudo-ao-portugal-dos-pequenitos-e-exploratorio-de-coimbra\/\" \/>\n<meta property=\"og:locale\" content=\"pt_PT\" \/>\n<meta property=\"og:type\" content=\"article\" \/>\n<meta property=\"og:title\" content=\"Visita de Estudo ao Portugal dos Pequenitos e Explorat\u00f3rio de Coimbra - Agrupamento de Escolas Nisa\" \/>\n<meta property=\"og:description\" content=\"No \u00e2mbito do Projeto Pessoas-2024-1 Recupera\u00e7\u00e3o das Aprendizagens, Promo\u00e7\u00e3o do Sucesso Escolar e Combate \u00e0s Desigualdades (PRA), realizou-se no dia...\" \/>\n<meta property=\"og:url\" content=\"https:\/\/agrupamentonisa.edu.gov.pt\/site\/visita-de-estudo-ao-portugal-dos-pequenitos-e-exploratorio-de-coimbra\/\" \/>\n<meta property=\"og:site_name\" content=\"Agrupamento de Escolas Nisa\" \/>\n<meta property=\"article:publisher\" content=\"https:\/\/www.facebook.com\/p\/Agrupamento-de-Escolas-de-Nisa-100031784060549\/?locale=pt_PT\" \/>\n<meta property=\"article:published_time\" content=\"2024-05-08T14:09:08+00:00\" \/>\n<meta property=\"article:modified_time\" content=\"2024-06-19T14:14:39+00:00\" \/>\n<meta property=\"og:image\" content=\"https:\/\/agrupamentonisa.edu.gov.pt\/site\/wp-content\/uploads\/2024\/06\/439856886_1135516250980736_7334069611813580656_n.jpg\" \/>\n\t<meta property=\"og:image:width\" content=\"960\" \/>\n\t<meta property=\"og:image:height\" content=\"720\" \/>\n\t<meta property=\"og:image:type\" content=\"image\/jpeg\" \/>\n<meta name=\"author\" content=\"webmaster\" \/>\n<meta name=\"twitter:card\" content=\"summary_large_image\" \/>\n<meta name=\"twitter:label1\" content=\"Escrito por\" \/>\n\t<meta name=\"twitter:data1\" content=\"webmaster\" \/>\n<script type=\"application\/ld+json\" class=\"yoast-schema-graph\">{\"@context\":\"https:\/\/schema.org\",\"@graph\":[{\"@type\":\"Article\",\"@id\":\"https:\/\/agrupamentonisa.edu.gov.pt\/site\/visita-de-estudo-ao-portugal-dos-pequenitos-e-exploratorio-de-coimbra\/#article\",\"isPartOf\":{\"@id\":\"https:\/\/agrupamentonisa.edu.gov.pt\/site\/visita-de-estudo-ao-portugal-dos-pequenitos-e-exploratorio-de-coimbra\/\"},\"author\":{\"name\":\"webmaster\",\"@id\":\"https:\/\/agrupamentonisa.edu.gov.pt\/site\/#\/schema\/person\/e1ca82bad4ba726bcdba63b2637a60c8\"},\"headline\":\"Visita de Estudo ao Portugal dos Pequenitos e Explorat\u00f3rio de Coimbra\",\"datePublished\":\"2024-05-08T14:09:08+00:00\",\"dateModified\":\"2024-06-19T14:14:39+00:00\",\"mainEntityOfPage\":{\"@id\":\"https:\/\/agrupamentonisa.edu.gov.pt\/site\/visita-de-estudo-ao-portugal-dos-pequenitos-e-exploratorio-de-coimbra\/\"},\"wordCount\":56,\"publisher\":{\"@id\":\"https:\/\/agrupamentonisa.edu.gov.pt\/site\/#organization\"},\"image\":{\"@id\":\"https:\/\/agrupamentonisa.edu.gov.pt\/site\/visita-de-estudo-ao-portugal-dos-pequenitos-e-exploratorio-de-coimbra\/#primaryimage\"},\"thumbnailUrl\":\"https:\/\/agrupamentonisa.edu.gov.pt\/site\/wp-content\/uploads\/2024\/06\/439856886_1135516250980736_7334069611813580656_n.jpg\",\"keywords\":[\"1\u00ba\",\"2\u00ba\"],\"articleSection\":[\"Acontece\",\"Pessoas 2030\"],\"inLanguage\":\"pt-PT\"},{\"@type\":\"WebPage\",\"@id\":\"https:\/\/agrupamentonisa.edu.gov.pt\/site\/visita-de-estudo-ao-portugal-dos-pequenitos-e-exploratorio-de-coimbra\/\",\"url\":\"https:\/\/agrupamentonisa.edu.gov.pt\/site\/visita-de-estudo-ao-portugal-dos-pequenitos-e-exploratorio-de-coimbra\/\",\"name\":\"Visita de Estudo ao Portugal dos Pequenitos e Explorat\u00f3rio de Coimbra - Agrupamento de Escolas Nisa\",\"isPartOf\":{\"@id\":\"https:\/\/agrupamentonisa.edu.gov.pt\/site\/#website\"},\"primaryImageOfPage\":{\"@id\":\"https:\/\/agrupamentonisa.edu.gov.pt\/site\/visita-de-estudo-ao-portugal-dos-pequenitos-e-exploratorio-de-coimbra\/#primaryimage\"},\"image\":{\"@id\":\"https:\/\/agrupamentonisa.edu.gov.pt\/site\/visita-de-estudo-ao-portugal-dos-pequenitos-e-exploratorio-de-coimbra\/#primaryimage\"},\"thumbnailUrl\":\"https:\/\/agrupamentonisa.edu.gov.pt\/site\/wp-content\/uploads\/2024\/06\/439856886_1135516250980736_7334069611813580656_n.jpg\",\"datePublished\":\"2024-05-08T14:09:08+00:00\",\"dateModified\":\"2024-06-19T14:14:39+00:00\",\"breadcrumb\":{\"@id\":\"https:\/\/agrupamentonisa.edu.gov.pt\/site\/visita-de-estudo-ao-portugal-dos-pequenitos-e-exploratorio-de-coimbra\/#breadcrumb\"},\"inLanguage\":\"pt-PT\",\"potentialAction\":[{\"@type\":\"ReadAction\",\"target\":[\"https:\/\/agrupamentonisa.edu.gov.pt\/site\/visita-de-estudo-ao-portugal-dos-pequenitos-e-exploratorio-de-coimbra\/\"]}]},{\"@type\":\"ImageObject\",\"inLanguage\":\"pt-PT\",\"@id\":\"https:\/\/agrupamentonisa.edu.gov.pt\/site\/visita-de-estudo-ao-portugal-dos-pequenitos-e-exploratorio-de-coimbra\/#primaryimage\",\"url\":\"https:\/\/agrupamentonisa.edu.gov.pt\/site\/wp-content\/uploads\/2024\/06\/439856886_1135516250980736_7334069611813580656_n.jpg\",\"contentUrl\":\"https:\/\/agrupamentonisa.edu.gov.pt\/site\/wp-content\/uploads\/2024\/06\/439856886_1135516250980736_7334069611813580656_n.jpg\",\"width\":960,\"height\":720},{\"@type\":\"BreadcrumbList\",\"@id\":\"https:\/\/agrupamentonisa.edu.gov.pt\/site\/visita-de-estudo-ao-portugal-dos-pequenitos-e-exploratorio-de-coimbra\/#breadcrumb\",\"itemListElement\":[{\"@type\":\"ListItem\",\"position\":1,\"name\":\"In\u00edcio\",\"item\":\"https:\/\/agrupamentonisa.edu.gov.pt\/site\/\"},{\"@type\":\"ListItem\",\"position\":2,\"name\":\"Visita de Estudo ao Portugal dos Pequenitos e Explorat\u00f3rio de Coimbra\"}]},{\"@type\":\"WebSite\",\"@id\":\"https:\/\/agrupamentonisa.edu.gov.pt\/site\/#website\",\"url\":\"https:\/\/agrupamentonisa.edu.gov.pt\/site\/\",\"name\":\"Agrupamento de Escolas Nisa\",\"description\":\"Site Escolar do Agrupamento de Escolas Nisa\",\"publisher\":{\"@id\":\"https:\/\/agrupamentonisa.edu.gov.pt\/site\/#organization\"},\"potentialAction\":[{\"@type\":\"SearchAction\",\"target\":{\"@type\":\"EntryPoint\",\"urlTemplate\":\"https:\/\/agrupamentonisa.edu.gov.pt\/site\/?s={search_term_string}\"},\"query-input\":{\"@type\":\"PropertyValueSpecification\",\"valueRequired\":true,\"valueName\":\"search_term_string\"}}],\"inLanguage\":\"pt-PT\"},{\"@type\":\"Organization\",\"@id\":\"https:\/\/agrupamentonisa.edu.gov.pt\/site\/#organization\",\"name\":\"Agrupamento de Escolas Nisa\",\"url\":\"https:\/\/agrupamentonisa.edu.gov.pt\/site\/\",\"logo\":{\"@type\":\"ImageObject\",\"inLanguage\":\"pt-PT\",\"@id\":\"https:\/\/agrupamentonisa.edu.gov.pt\/site\/#\/schema\/logo\/image\/\",\"url\":\"https:\/\/agrupamentonisa.edu.gov.pt\/site\/wp-content\/uploads\/2024\/03\/logo.png\",\"contentUrl\":\"https:\/\/agrupamentonisa.edu.gov.pt\/site\/wp-content\/uploads\/2024\/03\/logo.png\",\"width\":1086,\"height\":546,\"caption\":\"Agrupamento de Escolas Nisa\"},\"image\":{\"@id\":\"https:\/\/agrupamentonisa.edu.gov.pt\/site\/#\/schema\/logo\/image\/\"},\"sameAs\":[\"https:\/\/www.facebook.com\/p\/Agrupamento-de-Escolas-de-Nisa-100031784060549\/?locale=pt_PT\",\"https:\/\/www.youtube.com\/@canalyoutubeagrupamentonisa\"]},{\"@type\":\"Person\",\"@id\":\"https:\/\/agrupamentonisa.edu.gov.pt\/site\/#\/schema\/person\/e1ca82bad4ba726bcdba63b2637a60c8\",\"name\":\"webmaster\",\"image\":{\"@type\":\"ImageObject\",\"inLanguage\":\"pt-PT\",\"@id\":\"https:\/\/agrupamentonisa.edu.gov.pt\/site\/#\/schema\/person\/image\/\",\"url\":\"https:\/\/secure.gravatar.com\/avatar\/4f6f69c82d272f11d2c7bbcea6d25cda?s=96&d=mm&r=g\",\"contentUrl\":\"https:\/\/secure.gravatar.com\/avatar\/4f6f69c82d272f11d2c7bbcea6d25cda?s=96&d=mm&r=g\",\"caption\":\"webmaster\"},\"sameAs\":[\"http:\/\/agrupamento-nisa.syswave-it.pt\/\"],\"url\":\"https:\/\/agrupamentonisa.edu.gov.pt\/site\/author\/webmaster\/\"}]}<\/script>\n<!-- \/ Yoast SEO plugin. -->","yoast_head_json":{"title":"Visita de Estudo ao Portugal dos Pequenitos e Explorat\u00f3rio de Coimbra - Agrupamento de Escolas Nisa","robots":{"index":"index","follow":"follow","max-snippet":"max-snippet:-1","max-image-preview":"max-image-preview:large","max-video-preview":"max-video-preview:-1"},"canonical":"https:\/\/agrupamentonisa.edu.gov.pt\/site\/visita-de-estudo-ao-portugal-dos-pequenitos-e-exploratorio-de-coimbra\/","og_locale":"pt_PT","og_type":"article","og_title":"Visita de Estudo ao Portugal dos Pequenitos e Explorat\u00f3rio de Coimbra - Agrupamento de Escolas Nisa","og_description":"No \u00e2mbito do Projeto Pessoas-2024-1 Recupera\u00e7\u00e3o das Aprendizagens, Promo\u00e7\u00e3o do Sucesso Escolar e Combate \u00e0s Desigualdades (PRA), realizou-se no dia...","og_url":"https:\/\/agrupamentonisa.edu.gov.pt\/site\/visita-de-estudo-ao-portugal-dos-pequenitos-e-exploratorio-de-coimbra\/","og_site_name":"Agrupamento de Escolas Nisa","article_publisher":"https:\/\/www.facebook.com\/p\/Agrupamento-de-Escolas-de-Nisa-100031784060549\/?locale=pt_PT","article_published_time":"2024-05-08T14:09:08+00:00","article_modified_time":"2024-06-19T14:14:39+00:00","og_image":[{"width":960,"height":720,"url":"https:\/\/agrupamentonisa.edu.gov.pt\/site\/wp-content\/uploads\/2024\/06\/439856886_1135516250980736_7334069611813580656_n.jpg","type":"image\/jpeg"}],"author":"webmaster","twitter_card":"summary_large_image","twitter_misc":{"Escrito por":"webmaster"},"schema":{"@context":"https:\/\/schema.org","@graph":[{"@type":"Article","@id":"https:\/\/agrupamentonisa.edu.gov.pt\/site\/visita-de-estudo-ao-portugal-dos-pequenitos-e-exploratorio-de-coimbra\/#article","isPartOf":{"@id":"https:\/\/agrupamentonisa.edu.gov.pt\/site\/visita-de-estudo-ao-portugal-dos-pequenitos-e-exploratorio-de-coimbra\/"},"author":{"name":"webmaster","@id":"https:\/\/agrupamentonisa.edu.gov.pt\/site\/#\/schema\/person\/e1ca82bad4ba726bcdba63b2637a60c8"},"headline":"Visita de Estudo ao Portugal dos Pequenitos e Explorat\u00f3rio de Coimbra","datePublished":"2024-05-08T14:09:08+00:00","dateModified":"2024-06-19T14:14:39+00:00","mainEntityOfPage":{"@id":"https:\/\/agrupamentonisa.edu.gov.pt\/site\/visita-de-estudo-ao-portugal-dos-pequenitos-e-exploratorio-de-coimbra\/"},"wordCount":56,"publisher":{"@id":"https:\/\/agrupamentonisa.edu.gov.pt\/site\/#organization"},"image":{"@id":"https:\/\/agrupamentonisa.edu.gov.pt\/site\/visita-de-estudo-ao-portugal-dos-pequenitos-e-exploratorio-de-coimbra\/#primaryimage"},"thumbnailUrl":"https:\/\/agrupamentonisa.edu.gov.pt\/site\/wp-content\/uploads\/2024\/06\/439856886_1135516250980736_7334069611813580656_n.jpg","keywords":["1\u00ba","2\u00ba"],"articleSection":["Acontece","Pessoas 2030"],"inLanguage":"pt-PT"},{"@type":"WebPage","@id":"https:\/\/agrupamentonisa.edu.gov.pt\/site\/visita-de-estudo-ao-portugal-dos-pequenitos-e-exploratorio-de-coimbra\/","url":"https:\/\/agrupamentonisa.edu.gov.pt\/site\/visita-de-estudo-ao-portugal-dos-pequenitos-e-exploratorio-de-coimbra\/","name":"Visita de Estudo ao Portugal dos Pequenitos e Explorat\u00f3rio de Coimbra - Agrupamento de Escolas Nisa","isPartOf":{"@id":"https:\/\/agrupamentonisa.edu.gov.pt\/site\/#website"},"primaryImageOfPage":{"@id":"https:\/\/agrupamentonisa.edu.gov.pt\/site\/visita-de-estudo-ao-portugal-dos-pequenitos-e-exploratorio-de-coimbra\/#primaryimage"},"image":{"@id":"https:\/\/agrupamentonisa.edu.gov.pt\/site\/visita-de-estudo-ao-portugal-dos-pequenitos-e-exploratorio-de-coimbra\/#primaryimage"},"thumbnailUrl":"https:\/\/agrupamentonisa.edu.gov.pt\/site\/wp-content\/uploads\/2024\/06\/439856886_1135516250980736_7334069611813580656_n.jpg","datePublished":"2024-05-08T14:09:08+00:00","dateModified":"2024-06-19T14:14:39+00:00","breadcrumb":{"@id":"https:\/\/agrupamentonisa.edu.gov.pt\/site\/visita-de-estudo-ao-portugal-dos-pequenitos-e-exploratorio-de-coimbra\/#breadcrumb"},"inLanguage":"pt-PT","potentialAction":[{"@type":"ReadAction","target":["https:\/\/agrupamentonisa.edu.gov.pt\/site\/visita-de-estudo-ao-portugal-dos-pequenitos-e-exploratorio-de-coimbra\/"]}]},{"@type":"ImageObject","inLanguage":"pt-PT","@id":"https:\/\/agrupamentonisa.edu.gov.pt\/site\/visita-de-estudo-ao-portugal-dos-pequenitos-e-exploratorio-de-coimbra\/#primaryimage","url":"https:\/\/agrupamentonisa.edu.gov.pt\/site\/wp-content\/uploads\/2024\/06\/439856886_1135516250980736_7334069611813580656_n.jpg","contentUrl":"https:\/\/agrupamentonisa.edu.gov.pt\/site\/wp-content\/uploads\/2024\/06\/439856886_1135516250980736_7334069611813580656_n.jpg","width":960,"height":720},{"@type":"BreadcrumbList","@id":"https:\/\/agrupamentonisa.edu.gov.pt\/site\/visita-de-estudo-ao-portugal-dos-pequenitos-e-exploratorio-de-coimbra\/#breadcrumb","itemListElement":[{"@type":"ListItem","position":1,"name":"In\u00edcio","item":"https:\/\/agrupamentonisa.edu.gov.pt\/site\/"},{"@type":"ListItem","position":2,"name":"Visita de Estudo ao Portugal dos Pequenitos e Explorat\u00f3rio de Coimbra"}]},{"@type":"WebSite","@id":"https:\/\/agrupamentonisa.edu.gov.pt\/site\/#website","url":"https:\/\/agrupamentonisa.edu.gov.pt\/site\/","name":"Agrupamento de Escolas Nisa","description":"Site Escolar do Agrupamento de Escolas Nisa","publisher":{"@id":"https:\/\/agrupamentonisa.edu.gov.pt\/site\/#organization"},"potentialAction":[{"@type":"SearchAction","target":{"@type":"EntryPoint","urlTemplate":"https:\/\/agrupamentonisa.edu.gov.pt\/site\/?s={search_term_string}"},"query-input":{"@type":"PropertyValueSpecification","valueRequired":true,"valueName":"search_term_string"}}],"inLanguage":"pt-PT"},{"@type":"Organization","@id":"https:\/\/agrupamentonisa.edu.gov.pt\/site\/#organization","name":"Agrupamento de Escolas Nisa","url":"https:\/\/agrupamentonisa.edu.gov.pt\/site\/","logo":{"@type":"ImageObject","inLanguage":"pt-PT","@id":"https:\/\/agrupamentonisa.edu.gov.pt\/site\/#\/schema\/logo\/image\/","url":"https:\/\/agrupamentonisa.edu.gov.pt\/site\/wp-content\/uploads\/2024\/03\/logo.png","contentUrl":"https:\/\/agrupamentonisa.edu.gov.pt\/site\/wp-content\/uploads\/2024\/03\/logo.png","width":1086,"height":546,"caption":"Agrupamento de Escolas Nisa"},"image":{"@id":"https:\/\/agrupamentonisa.edu.gov.pt\/site\/#\/schema\/logo\/image\/"},"sameAs":["https:\/\/www.facebook.com\/p\/Agrupamento-de-Escolas-de-Nisa-100031784060549\/?locale=pt_PT","https:\/\/www.youtube.com\/@canalyoutubeagrupamentonisa"]},{"@type":"Person","@id":"https:\/\/agrupamentonisa.edu.gov.pt\/site\/#\/schema\/person\/e1ca82bad4ba726bcdba63b2637a60c8","name":"webmaster","image":{"@type":"ImageObject","inLanguage":"pt-PT","@id":"https:\/\/agrupamentonisa.edu.gov.pt\/site\/#\/schema\/person\/image\/","url":"https:\/\/secure.gravatar.com\/avatar\/4f6f69c82d272f11d2c7bbcea6d25cda?s=96&d=mm&r=g","contentUrl":"https:\/\/secure.gravatar.com\/avatar\/4f6f69c82d272f11d2c7bbcea6d25cda?s=96&d=mm&r=g","caption":"webmaster"},"sameAs":["http:\/\/agrupamento-nisa.syswave-it.pt\/"],"url":"https:\/\/agrupamentonisa.edu.gov.pt\/site\/author\/webmaster\/"}]}},"modified_by":"webmaster","_links":{"self":[{"href":"https:\/\/agrupamentonisa.edu.gov.pt\/site\/wp-json\/wp\/v2\/posts\/3817","targetHints":{"allow":["GET"]}}],"collection":[{"href":"https:\/\/agrupamentonisa.edu.gov.pt\/site\/wp-json\/wp\/v2\/posts"}],"about":[{"href":"https:\/\/agrupamentonisa.edu.gov.pt\/site\/wp-json\/wp\/v2\/types\/post"}],"author":[{"embeddable":true,"href":"https:\/\/agrupamentonisa.edu.gov.pt\/site\/wp-json\/wp\/v2\/users\/1"}],"replies":[{"embeddable":true,"href":"https:\/\/agrupamentonisa.edu.gov.pt\/site\/wp-json\/wp\/v2\/comments?post=3817"}],"version-history":[{"count":2,"href":"https:\/\/agrupamentonisa.edu.gov.pt\/site\/wp-json\/wp\/v2\/posts\/3817\/revisions"}],"predecessor-version":[{"id":3841,"href":"https:\/\/agrupamentonisa.edu.gov.pt\/site\/wp-json\/wp\/v2\/posts\/3817\/revisions\/3841"}],"wp:featuredmedia":[{"embeddable":true,"href":"https:\/\/agrupamentonisa.edu.gov.pt\/site\/wp-json\/wp\/v2\/media\/3818"}],"wp:attachment":[{"href":"https:\/\/agrupamentonisa.edu.gov.pt\/site\/wp-json\/wp\/v2\/media?parent=3817"}],"wp:term":[{"taxonomy":"category","embeddable":true,"href":"https:\/\/agrupamentonisa.edu.gov.pt\/site\/wp-json\/wp\/v2\/categories?post=3817"},{"taxonomy":"post_tag","embeddable":true,"href":"https:\/\/agrupamentonisa.edu.gov.pt\/site\/wp-json\/wp\/v2\/tags?post=3817"}],"curies":[{"name":"wp","href":"https:\/\/api.w.org\/{rel}","templated":true}]}}