{"id":3806,"date":"2024-05-16T14:06:09","date_gmt":"2024-05-16T14:06:09","guid":{"rendered":"https:\/\/agrupamentonisa.edu.gov.pt\/site\/\/?p=3806"},"modified":"2024-06-19T14:16:36","modified_gmt":"2024-06-19T14:16:36","slug":"visita-de-estudo-ao-planetario-de-marinha-e-museu-quake","status":"publish","type":"post","link":"https:\/\/agrupamentonisa.edu.gov.pt\/site\/visita-de-estudo-ao-planetario-de-marinha-e-museu-quake\/","title":{"rendered":"Visita de Estudo ao Planet\u00e1rio de Marinha e Museu Quake"},"content":{"rendered":"<p>No \u00e2mbito do Projeto Pessoas-2024-1 Recupera\u00e7\u00e3o das Aprendizagens, Promo\u00e7\u00e3o do Sucesso Escolar e Combate \u00e0s Desigualdades (PRA), realizou-se no dia 16 de maio, uma visita de estudo ao Planet\u00e1rio de Marinha e ao Museu Quake com as turmas de 7\u00b0 e 8\u00b0 anos e turma PIEF.<\/p>\n<div id='gallery-1' class='gallery galleryid-3806 gallery-columns-3 gallery-size-thumbnail'><figure class='gallery-item'>\n\t\t\t<div class='gallery-icon landscape'>\n\t\t\t\t<a href='https:\/\/agrupamentonisa.edu.gov.pt\/site\/visita-de-estudo-ao-planetario-de-marinha-e-museu-quake\/426391639_1142685236930504_5494454378465429862_n\/'><img decoding=\"async\" width=\"150\" height=\"150\" src=\"https:\/\/agrupamentonisa.edu.gov.pt\/site\/wp-content\/uploads\/2024\/06\/426391639_1142685236930504_5494454378465429862_n-150x150.jpg\" class=\"attachment-thumbnail size-thumbnail\" alt=\"\" \/><\/a>\n\t\t\t<\/div><\/figure><figure class='gallery-item'>\n\t\t\t<div class='gallery-icon landscape'>\n\t\t\t\t<a href='https:\/\/agrupamentonisa.edu.gov.pt\/site\/visita-de-estudo-ao-planetario-de-marinha-e-museu-quake\/438254968_1142684733597221_3913726706167091036_n\/'><img decoding=\"async\" width=\"150\" height=\"150\" src=\"https:\/\/agrupamentonisa.edu.gov.pt\/site\/wp-content\/uploads\/2024\/06\/438254968_1142684733597221_3913726706167091036_n-150x150.jpg\" class=\"attachment-thumbnail size-thumbnail\" alt=\"\" \/><\/a>\n\t\t\t<\/div><\/figure><figure class='gallery-item'>\n\t\t\t<div class='gallery-icon portrait'>\n\t\t\t\t<a href='https:\/\/agrupamentonisa.edu.gov.pt\/site\/visita-de-estudo-ao-planetario-de-marinha-e-museu-quake\/438304337_1142686393597055_2160069114584802245_n\/'><img decoding=\"async\" width=\"150\" height=\"150\" src=\"https:\/\/agrupamentonisa.edu.gov.pt\/site\/wp-content\/uploads\/2024\/06\/438304337_1142686393597055_2160069114584802245_n-150x150.jpg\" class=\"attachment-thumbnail size-thumbnail\" alt=\"\" \/><\/a>\n\t\t\t<\/div><\/figure><figure class='gallery-item'>\n\t\t\t<div class='gallery-icon landscape'>\n\t\t\t\t<a href='https:\/\/agrupamentonisa.edu.gov.pt\/site\/visita-de-estudo-ao-planetario-de-marinha-e-museu-quake\/444137968_1142686493597045_2570433015962886598_n\/'><img loading=\"lazy\" decoding=\"async\" width=\"150\" height=\"150\" src=\"https:\/\/agrupamentonisa.edu.gov.pt\/site\/wp-content\/uploads\/2024\/06\/444137968_1142686493597045_2570433015962886598_n-150x150.jpg\" class=\"attachment-thumbnail size-thumbnail\" alt=\"\" \/><\/a>\n\t\t\t<\/div><\/figure><figure class='gallery-item'>\n\t\t\t<div class='gallery-icon landscape'>\n\t\t\t\t<a href='https:\/\/agrupamentonisa.edu.gov.pt\/site\/visita-de-estudo-ao-planetario-de-marinha-e-museu-quake\/445234114_1142685496930478_570114685873651864_n\/'><img loading=\"lazy\" decoding=\"async\" width=\"150\" height=\"150\" src=\"https:\/\/agrupamentonisa.edu.gov.pt\/site\/wp-content\/uploads\/2024\/06\/445234114_1142685496930478_570114685873651864_n-150x150.jpg\" class=\"attachment-thumbnail size-thumbnail\" alt=\"\" \/><\/a>\n\t\t\t<\/div><\/figure><figure class='gallery-item'>\n\t\t\t<div class='gallery-icon landscape'>\n\t\t\t\t<a href='https:\/\/agrupamentonisa.edu.gov.pt\/site\/visita-de-estudo-ao-planetario-de-marinha-e-museu-quake\/445356930_1142685416930486_8630398929450146287_n\/'><img loading=\"lazy\" decoding=\"async\" width=\"150\" height=\"150\" src=\"https:\/\/agrupamentonisa.edu.gov.pt\/site\/wp-content\/uploads\/2024\/06\/445356930_1142685416930486_8630398929450146287_n-150x150.jpg\" class=\"attachment-thumbnail size-thumbnail\" alt=\"\" \/><\/a>\n\t\t\t<\/div><\/figure><figure class='gallery-item'>\n\t\t\t<div class='gallery-icon landscape'>\n\t\t\t\t<a href='https:\/\/agrupamentonisa.edu.gov.pt\/site\/visita-de-estudo-ao-planetario-de-marinha-e-museu-quake\/445360432_1142684646930563_8154778917673145081_n\/'><img loading=\"lazy\" decoding=\"async\" width=\"150\" height=\"150\" src=\"https:\/\/agrupamentonisa.edu.gov.pt\/site\/wp-content\/uploads\/2024\/06\/445360432_1142684646930563_8154778917673145081_n-150x150.jpg\" class=\"attachment-thumbnail size-thumbnail\" alt=\"\" \/><\/a>\n\t\t\t<\/div><\/figure>\n\t\t<\/div>\n\n","protected":false},"excerpt":{"rendered":"<p>No \u00e2mbito do Projeto Pessoas-2024-1 Recupera\u00e7\u00e3o das Aprendizagens, Promo\u00e7\u00e3o do Sucesso Escolar e Combate \u00e0s Desigualdades (PRA), realizou-se no dia&#8230;<\/p>\n","protected":false},"author":1,"featured_media":3807,"comment_status":"closed","ping_status":"open","sticky":false,"template":"","format":"standard","meta":{"_lmt_disableupdate":"no","_lmt_disable":"","footnotes":""},"categories":[146,153],"tags":[162,163],"class_list":["post-3806","post","type-post","status-publish","format-standard","has-post-thumbnail","hentry","category-acontece","category-pessoas_2030","tag-7o","tag-8o"],"yoast_head":"<!-- This site is optimized with the Yoast SEO plugin v25.5 - https:\/\/yoast.com\/wordpress\/plugins\/seo\/ -->\n<title>Visita de Estudo ao Planet\u00e1rio de Marinha e Museu Quake - Agrupamento de Escolas Nisa<\/title>\n<meta name=\"robots\" content=\"index, follow, max-snippet:-1, max-image-preview:large, max-video-preview:-1\" \/>\n<link rel=\"canonical\" href=\"https:\/\/agrupamentonisa.edu.gov.pt\/site\/visita-de-estudo-ao-planetario-de-marinha-e-museu-quake\/\" \/>\n<meta property=\"og:locale\" content=\"pt_PT\" \/>\n<meta property=\"og:type\" content=\"article\" \/>\n<meta property=\"og:title\" content=\"Visita de Estudo ao Planet\u00e1rio de Marinha e Museu Quake - Agrupamento de Escolas Nisa\" \/>\n<meta property=\"og:description\" content=\"No \u00e2mbito do Projeto Pessoas-2024-1 Recupera\u00e7\u00e3o das Aprendizagens, Promo\u00e7\u00e3o do Sucesso Escolar e Combate \u00e0s Desigualdades (PRA), realizou-se no dia...\" \/>\n<meta property=\"og:url\" content=\"https:\/\/agrupamentonisa.edu.gov.pt\/site\/visita-de-estudo-ao-planetario-de-marinha-e-museu-quake\/\" \/>\n<meta property=\"og:site_name\" content=\"Agrupamento de Escolas Nisa\" \/>\n<meta property=\"article:publisher\" content=\"https:\/\/www.facebook.com\/p\/Agrupamento-de-Escolas-de-Nisa-100031784060549\/?locale=pt_PT\" \/>\n<meta property=\"article:published_time\" content=\"2024-05-16T14:06:09+00:00\" \/>\n<meta property=\"article:modified_time\" content=\"2024-06-19T14:16:36+00:00\" \/>\n<meta property=\"og:image\" content=\"https:\/\/agrupamentonisa.edu.gov.pt\/site\/wp-content\/uploads\/2024\/06\/438300258_1142686473597047_606786618084696650_n.jpg\" \/>\n\t<meta property=\"og:image:width\" content=\"1600\" \/>\n\t<meta property=\"og:image:height\" content=\"1200\" \/>\n\t<meta property=\"og:image:type\" content=\"image\/jpeg\" \/>\n<meta name=\"author\" content=\"webmaster\" \/>\n<meta name=\"twitter:card\" content=\"summary_large_image\" \/>\n<meta name=\"twitter:label1\" content=\"Escrito por\" \/>\n\t<meta name=\"twitter:data1\" content=\"webmaster\" \/>\n<script type=\"application\/ld+json\" class=\"yoast-schema-graph\">{\"@context\":\"https:\/\/schema.org\",\"@graph\":[{\"@type\":\"Article\",\"@id\":\"https:\/\/agrupamentonisa.edu.gov.pt\/site\/visita-de-estudo-ao-planetario-de-marinha-e-museu-quake\/#article\",\"isPartOf\":{\"@id\":\"https:\/\/agrupamentonisa.edu.gov.pt\/site\/visita-de-estudo-ao-planetario-de-marinha-e-museu-quake\/\"},\"author\":{\"name\":\"webmaster\",\"@id\":\"https:\/\/agrupamentonisa.edu.gov.pt\/site\/#\/schema\/person\/e1ca82bad4ba726bcdba63b2637a60c8\"},\"headline\":\"Visita de Estudo ao Planet\u00e1rio de Marinha e Museu Quake\",\"datePublished\":\"2024-05-16T14:06:09+00:00\",\"dateModified\":\"2024-06-19T14:16:36+00:00\",\"mainEntityOfPage\":{\"@id\":\"https:\/\/agrupamentonisa.edu.gov.pt\/site\/visita-de-estudo-ao-planetario-de-marinha-e-museu-quake\/\"},\"wordCount\":60,\"publisher\":{\"@id\":\"https:\/\/agrupamentonisa.edu.gov.pt\/site\/#organization\"},\"image\":{\"@id\":\"https:\/\/agrupamentonisa.edu.gov.pt\/site\/visita-de-estudo-ao-planetario-de-marinha-e-museu-quake\/#primaryimage\"},\"thumbnailUrl\":\"https:\/\/agrupamentonisa.edu.gov.pt\/site\/wp-content\/uploads\/2024\/06\/438300258_1142686473597047_606786618084696650_n.jpg\",\"keywords\":[\"7\u00ba\",\"8\u00ba\"],\"articleSection\":[\"Acontece\",\"Pessoas 2030\"],\"inLanguage\":\"pt-PT\"},{\"@type\":\"WebPage\",\"@id\":\"https:\/\/agrupamentonisa.edu.gov.pt\/site\/visita-de-estudo-ao-planetario-de-marinha-e-museu-quake\/\",\"url\":\"https:\/\/agrupamentonisa.edu.gov.pt\/site\/visita-de-estudo-ao-planetario-de-marinha-e-museu-quake\/\",\"name\":\"Visita de Estudo ao Planet\u00e1rio de Marinha e Museu Quake - Agrupamento de Escolas Nisa\",\"isPartOf\":{\"@id\":\"https:\/\/agrupamentonisa.edu.gov.pt\/site\/#website\"},\"primaryImageOfPage\":{\"@id\":\"https:\/\/agrupamentonisa.edu.gov.pt\/site\/visita-de-estudo-ao-planetario-de-marinha-e-museu-quake\/#primaryimage\"},\"image\":{\"@id\":\"https:\/\/agrupamentonisa.edu.gov.pt\/site\/visita-de-estudo-ao-planetario-de-marinha-e-museu-quake\/#primaryimage\"},\"thumbnailUrl\":\"https:\/\/agrupamentonisa.edu.gov.pt\/site\/wp-content\/uploads\/2024\/06\/438300258_1142686473597047_606786618084696650_n.jpg\",\"datePublished\":\"2024-05-16T14:06:09+00:00\",\"dateModified\":\"2024-06-19T14:16:36+00:00\",\"breadcrumb\":{\"@id\":\"https:\/\/agrupamentonisa.edu.gov.pt\/site\/visita-de-estudo-ao-planetario-de-marinha-e-museu-quake\/#breadcrumb\"},\"inLanguage\":\"pt-PT\",\"potentialAction\":[{\"@type\":\"ReadAction\",\"target\":[\"https:\/\/agrupamentonisa.edu.gov.pt\/site\/visita-de-estudo-ao-planetario-de-marinha-e-museu-quake\/\"]}]},{\"@type\":\"ImageObject\",\"inLanguage\":\"pt-PT\",\"@id\":\"https:\/\/agrupamentonisa.edu.gov.pt\/site\/visita-de-estudo-ao-planetario-de-marinha-e-museu-quake\/#primaryimage\",\"url\":\"https:\/\/agrupamentonisa.edu.gov.pt\/site\/wp-content\/uploads\/2024\/06\/438300258_1142686473597047_606786618084696650_n.jpg\",\"contentUrl\":\"https:\/\/agrupamentonisa.edu.gov.pt\/site\/wp-content\/uploads\/2024\/06\/438300258_1142686473597047_606786618084696650_n.jpg\",\"width\":1600,\"height\":1200},{\"@type\":\"BreadcrumbList\",\"@id\":\"https:\/\/agrupamentonisa.edu.gov.pt\/site\/visita-de-estudo-ao-planetario-de-marinha-e-museu-quake\/#breadcrumb\",\"itemListElement\":[{\"@type\":\"ListItem\",\"position\":1,\"name\":\"In\u00edcio\",\"item\":\"https:\/\/agrupamentonisa.edu.gov.pt\/site\/\"},{\"@type\":\"ListItem\",\"position\":2,\"name\":\"Visita de Estudo ao Planet\u00e1rio de Marinha e Museu Quake\"}]},{\"@type\":\"WebSite\",\"@id\":\"https:\/\/agrupamentonisa.edu.gov.pt\/site\/#website\",\"url\":\"https:\/\/agrupamentonisa.edu.gov.pt\/site\/\",\"name\":\"Agrupamento de Escolas Nisa\",\"description\":\"Site Escolar do Agrupamento de Escolas Nisa\",\"publisher\":{\"@id\":\"https:\/\/agrupamentonisa.edu.gov.pt\/site\/#organization\"},\"potentialAction\":[{\"@type\":\"SearchAction\",\"target\":{\"@type\":\"EntryPoint\",\"urlTemplate\":\"https:\/\/agrupamentonisa.edu.gov.pt\/site\/?s={search_term_string}\"},\"query-input\":{\"@type\":\"PropertyValueSpecification\",\"valueRequired\":true,\"valueName\":\"search_term_string\"}}],\"inLanguage\":\"pt-PT\"},{\"@type\":\"Organization\",\"@id\":\"https:\/\/agrupamentonisa.edu.gov.pt\/site\/#organization\",\"name\":\"Agrupamento de Escolas Nisa\",\"url\":\"https:\/\/agrupamentonisa.edu.gov.pt\/site\/\",\"logo\":{\"@type\":\"ImageObject\",\"inLanguage\":\"pt-PT\",\"@id\":\"https:\/\/agrupamentonisa.edu.gov.pt\/site\/#\/schema\/logo\/image\/\",\"url\":\"https:\/\/agrupamentonisa.edu.gov.pt\/site\/wp-content\/uploads\/2024\/03\/logo.png\",\"contentUrl\":\"https:\/\/agrupamentonisa.edu.gov.pt\/site\/wp-content\/uploads\/2024\/03\/logo.png\",\"width\":1086,\"height\":546,\"caption\":\"Agrupamento de Escolas Nisa\"},\"image\":{\"@id\":\"https:\/\/agrupamentonisa.edu.gov.pt\/site\/#\/schema\/logo\/image\/\"},\"sameAs\":[\"https:\/\/www.facebook.com\/p\/Agrupamento-de-Escolas-de-Nisa-100031784060549\/?locale=pt_PT\",\"https:\/\/www.youtube.com\/@canalyoutubeagrupamentonisa\"]},{\"@type\":\"Person\",\"@id\":\"https:\/\/agrupamentonisa.edu.gov.pt\/site\/#\/schema\/person\/e1ca82bad4ba726bcdba63b2637a60c8\",\"name\":\"webmaster\",\"image\":{\"@type\":\"ImageObject\",\"inLanguage\":\"pt-PT\",\"@id\":\"https:\/\/agrupamentonisa.edu.gov.pt\/site\/#\/schema\/person\/image\/\",\"url\":\"https:\/\/secure.gravatar.com\/avatar\/4f6f69c82d272f11d2c7bbcea6d25cda?s=96&d=mm&r=g\",\"contentUrl\":\"https:\/\/secure.gravatar.com\/avatar\/4f6f69c82d272f11d2c7bbcea6d25cda?s=96&d=mm&r=g\",\"caption\":\"webmaster\"},\"sameAs\":[\"http:\/\/agrupamento-nisa.syswave-it.pt\/\"],\"url\":\"https:\/\/agrupamentonisa.edu.gov.pt\/site\/author\/webmaster\/\"}]}<\/script>\n<!-- \/ Yoast SEO plugin. -->","yoast_head_json":{"title":"Visita de Estudo ao Planet\u00e1rio de Marinha e Museu Quake - Agrupamento de Escolas Nisa","robots":{"index":"index","follow":"follow","max-snippet":"max-snippet:-1","max-image-preview":"max-image-preview:large","max-video-preview":"max-video-preview:-1"},"canonical":"https:\/\/agrupamentonisa.edu.gov.pt\/site\/visita-de-estudo-ao-planetario-de-marinha-e-museu-quake\/","og_locale":"pt_PT","og_type":"article","og_title":"Visita de Estudo ao Planet\u00e1rio de Marinha e Museu Quake - Agrupamento de Escolas Nisa","og_description":"No \u00e2mbito do Projeto Pessoas-2024-1 Recupera\u00e7\u00e3o das Aprendizagens, Promo\u00e7\u00e3o do Sucesso Escolar e Combate \u00e0s Desigualdades (PRA), realizou-se no dia...","og_url":"https:\/\/agrupamentonisa.edu.gov.pt\/site\/visita-de-estudo-ao-planetario-de-marinha-e-museu-quake\/","og_site_name":"Agrupamento de Escolas Nisa","article_publisher":"https:\/\/www.facebook.com\/p\/Agrupamento-de-Escolas-de-Nisa-100031784060549\/?locale=pt_PT","article_published_time":"2024-05-16T14:06:09+00:00","article_modified_time":"2024-06-19T14:16:36+00:00","og_image":[{"width":1600,"height":1200,"url":"https:\/\/agrupamentonisa.edu.gov.pt\/site\/wp-content\/uploads\/2024\/06\/438300258_1142686473597047_606786618084696650_n.jpg","type":"image\/jpeg"}],"author":"webmaster","twitter_card":"summary_large_image","twitter_misc":{"Escrito por":"webmaster"},"schema":{"@context":"https:\/\/schema.org","@graph":[{"@type":"Article","@id":"https:\/\/agrupamentonisa.edu.gov.pt\/site\/visita-de-estudo-ao-planetario-de-marinha-e-museu-quake\/#article","isPartOf":{"@id":"https:\/\/agrupamentonisa.edu.gov.pt\/site\/visita-de-estudo-ao-planetario-de-marinha-e-museu-quake\/"},"author":{"name":"webmaster","@id":"https:\/\/agrupamentonisa.edu.gov.pt\/site\/#\/schema\/person\/e1ca82bad4ba726bcdba63b2637a60c8"},"headline":"Visita de Estudo ao Planet\u00e1rio de Marinha e Museu Quake","datePublished":"2024-05-16T14:06:09+00:00","dateModified":"2024-06-19T14:16:36+00:00","mainEntityOfPage":{"@id":"https:\/\/agrupamentonisa.edu.gov.pt\/site\/visita-de-estudo-ao-planetario-de-marinha-e-museu-quake\/"},"wordCount":60,"publisher":{"@id":"https:\/\/agrupamentonisa.edu.gov.pt\/site\/#organization"},"image":{"@id":"https:\/\/agrupamentonisa.edu.gov.pt\/site\/visita-de-estudo-ao-planetario-de-marinha-e-museu-quake\/#primaryimage"},"thumbnailUrl":"https:\/\/agrupamentonisa.edu.gov.pt\/site\/wp-content\/uploads\/2024\/06\/438300258_1142686473597047_606786618084696650_n.jpg","keywords":["7\u00ba","8\u00ba"],"articleSection":["Acontece","Pessoas 2030"],"inLanguage":"pt-PT"},{"@type":"WebPage","@id":"https:\/\/agrupamentonisa.edu.gov.pt\/site\/visita-de-estudo-ao-planetario-de-marinha-e-museu-quake\/","url":"https:\/\/agrupamentonisa.edu.gov.pt\/site\/visita-de-estudo-ao-planetario-de-marinha-e-museu-quake\/","name":"Visita de Estudo ao Planet\u00e1rio de Marinha e Museu Quake - Agrupamento de Escolas Nisa","isPartOf":{"@id":"https:\/\/agrupamentonisa.edu.gov.pt\/site\/#website"},"primaryImageOfPage":{"@id":"https:\/\/agrupamentonisa.edu.gov.pt\/site\/visita-de-estudo-ao-planetario-de-marinha-e-museu-quake\/#primaryimage"},"image":{"@id":"https:\/\/agrupamentonisa.edu.gov.pt\/site\/visita-de-estudo-ao-planetario-de-marinha-e-museu-quake\/#primaryimage"},"thumbnailUrl":"https:\/\/agrupamentonisa.edu.gov.pt\/site\/wp-content\/uploads\/2024\/06\/438300258_1142686473597047_606786618084696650_n.jpg","datePublished":"2024-05-16T14:06:09+00:00","dateModified":"2024-06-19T14:16:36+00:00","breadcrumb":{"@id":"https:\/\/agrupamentonisa.edu.gov.pt\/site\/visita-de-estudo-ao-planetario-de-marinha-e-museu-quake\/#breadcrumb"},"inLanguage":"pt-PT","potentialAction":[{"@type":"ReadAction","target":["https:\/\/agrupamentonisa.edu.gov.pt\/site\/visita-de-estudo-ao-planetario-de-marinha-e-museu-quake\/"]}]},{"@type":"ImageObject","inLanguage":"pt-PT","@id":"https:\/\/agrupamentonisa.edu.gov.pt\/site\/visita-de-estudo-ao-planetario-de-marinha-e-museu-quake\/#primaryimage","url":"https:\/\/agrupamentonisa.edu.gov.pt\/site\/wp-content\/uploads\/2024\/06\/438300258_1142686473597047_606786618084696650_n.jpg","contentUrl":"https:\/\/agrupamentonisa.edu.gov.pt\/site\/wp-content\/uploads\/2024\/06\/438300258_1142686473597047_606786618084696650_n.jpg","width":1600,"height":1200},{"@type":"BreadcrumbList","@id":"https:\/\/agrupamentonisa.edu.gov.pt\/site\/visita-de-estudo-ao-planetario-de-marinha-e-museu-quake\/#breadcrumb","itemListElement":[{"@type":"ListItem","position":1,"name":"In\u00edcio","item":"https:\/\/agrupamentonisa.edu.gov.pt\/site\/"},{"@type":"ListItem","position":2,"name":"Visita de Estudo ao Planet\u00e1rio de Marinha e Museu Quake"}]},{"@type":"WebSite","@id":"https:\/\/agrupamentonisa.edu.gov.pt\/site\/#website","url":"https:\/\/agrupamentonisa.edu.gov.pt\/site\/","name":"Agrupamento de Escolas Nisa","description":"Site Escolar do Agrupamento de Escolas Nisa","publisher":{"@id":"https:\/\/agrupamentonisa.edu.gov.pt\/site\/#organization"},"potentialAction":[{"@type":"SearchAction","target":{"@type":"EntryPoint","urlTemplate":"https:\/\/agrupamentonisa.edu.gov.pt\/site\/?s={search_term_string}"},"query-input":{"@type":"PropertyValueSpecification","valueRequired":true,"valueName":"search_term_string"}}],"inLanguage":"pt-PT"},{"@type":"Organization","@id":"https:\/\/agrupamentonisa.edu.gov.pt\/site\/#organization","name":"Agrupamento de Escolas Nisa","url":"https:\/\/agrupamentonisa.edu.gov.pt\/site\/","logo":{"@type":"ImageObject","inLanguage":"pt-PT","@id":"https:\/\/agrupamentonisa.edu.gov.pt\/site\/#\/schema\/logo\/image\/","url":"https:\/\/agrupamentonisa.edu.gov.pt\/site\/wp-content\/uploads\/2024\/03\/logo.png","contentUrl":"https:\/\/agrupamentonisa.edu.gov.pt\/site\/wp-content\/uploads\/2024\/03\/logo.png","width":1086,"height":546,"caption":"Agrupamento de Escolas Nisa"},"image":{"@id":"https:\/\/agrupamentonisa.edu.gov.pt\/site\/#\/schema\/logo\/image\/"},"sameAs":["https:\/\/www.facebook.com\/p\/Agrupamento-de-Escolas-de-Nisa-100031784060549\/?locale=pt_PT","https:\/\/www.youtube.com\/@canalyoutubeagrupamentonisa"]},{"@type":"Person","@id":"https:\/\/agrupamentonisa.edu.gov.pt\/site\/#\/schema\/person\/e1ca82bad4ba726bcdba63b2637a60c8","name":"webmaster","image":{"@type":"ImageObject","inLanguage":"pt-PT","@id":"https:\/\/agrupamentonisa.edu.gov.pt\/site\/#\/schema\/person\/image\/","url":"https:\/\/secure.gravatar.com\/avatar\/4f6f69c82d272f11d2c7bbcea6d25cda?s=96&d=mm&r=g","contentUrl":"https:\/\/secure.gravatar.com\/avatar\/4f6f69c82d272f11d2c7bbcea6d25cda?s=96&d=mm&r=g","caption":"webmaster"},"sameAs":["http:\/\/agrupamento-nisa.syswave-it.pt\/"],"url":"https:\/\/agrupamentonisa.edu.gov.pt\/site\/author\/webmaster\/"}]}},"modified_by":"webmaster","_links":{"self":[{"href":"https:\/\/agrupamentonisa.edu.gov.pt\/site\/wp-json\/wp\/v2\/posts\/3806","targetHints":{"allow":["GET"]}}],"collection":[{"href":"https:\/\/agrupamentonisa.edu.gov.pt\/site\/wp-json\/wp\/v2\/posts"}],"about":[{"href":"https:\/\/agrupamentonisa.edu.gov.pt\/site\/wp-json\/wp\/v2\/types\/post"}],"author":[{"embeddable":true,"href":"https:\/\/agrupamentonisa.edu.gov.pt\/site\/wp-json\/wp\/v2\/users\/1"}],"replies":[{"embeddable":true,"href":"https:\/\/agrupamentonisa.edu.gov.pt\/site\/wp-json\/wp\/v2\/comments?post=3806"}],"version-history":[{"count":1,"href":"https:\/\/agrupamentonisa.edu.gov.pt\/site\/wp-json\/wp\/v2\/posts\/3806\/revisions"}],"predecessor-version":[{"id":3816,"href":"https:\/\/agrupamentonisa.edu.gov.pt\/site\/wp-json\/wp\/v2\/posts\/3806\/revisions\/3816"}],"wp:featuredmedia":[{"embeddable":true,"href":"https:\/\/agrupamentonisa.edu.gov.pt\/site\/wp-json\/wp\/v2\/media\/3807"}],"wp:attachment":[{"href":"https:\/\/agrupamentonisa.edu.gov.pt\/site\/wp-json\/wp\/v2\/media?parent=3806"}],"wp:term":[{"taxonomy":"category","embeddable":true,"href":"https:\/\/agrupamentonisa.edu.gov.pt\/site\/wp-json\/wp\/v2\/categories?post=3806"},{"taxonomy":"post_tag","embeddable":true,"href":"https:\/\/agrupamentonisa.edu.gov.pt\/site\/wp-json\/wp\/v2\/tags?post=3806"}],"curies":[{"name":"wp","href":"https:\/\/api.w.org\/{rel}","templated":true}]}}