{"id":2350,"date":"2024-02-28T16:48:58","date_gmt":"2024-02-28T16:48:58","guid":{"rendered":"https:\/\/agrupamentonisa.edu.gov.pt\/site\/\/?p=2350"},"modified":"2024-03-15T12:35:46","modified_gmt":"2024-03-15T12:35:46","slug":"reuniao-do-conselho-geral","status":"publish","type":"post","link":"https:\/\/agrupamentonisa.edu.gov.pt\/site\/reuniao-do-conselho-geral\/","title":{"rendered":"Reuni\u00e3o do Conselho Geral"},"content":{"rendered":"\t\t<div data-elementor-type=\"wp-post\" data-elementor-id=\"2350\" class=\"elementor elementor-2350\" data-elementor-post-type=\"post\">\n\t\t\t\t<div class=\"elementor-element elementor-element-6c49067 e-flex e-con-boxed e-con e-parent\" data-id=\"6c49067\" data-element_type=\"container\" data-e-type=\"container\">\n\t\t\t\t\t<div class=\"e-con-inner\">\n\t\t\t\t<div class=\"elementor-element elementor-element-c78fdd0 elementor-widget elementor-widget-text-editor\" data-id=\"c78fdd0\" data-element_type=\"widget\" data-e-type=\"widget\" data-widget_type=\"text-editor.default\">\n\t\t\t\t<div class=\"elementor-widget-container\">\n\t\t\t\t\t\t\t\t\t<p><span class=\"x193iq5w xeuugli x13faqbe x1vvkbs x1xmvt09 x1lliihq x1s928wv xhkezso x1gmr53x x1cpjm7i x1fgarty x1943h6x xudqn12 x3x7a5m x6prxxf xvq8zen xo1l8bm xzsf02u x1yc453h\" dir=\"auto\">Realizou-se no dia 21 de fevereiro, no audit\u00f3rio do AEN, a reuni\u00e3o do Conselho Geral que teve como ordem de trabalhos a Tomada de Posse do Diretor Ant\u00f3nio Mesquita Trigueiros, eleito por unanimidade em reuni\u00e3o do referido \u00f3rg\u00e3o no dia 18 de Janeiro.<\/span><\/p>\t\t\t\t\t\t\t\t<\/div>\n\t\t\t\t<\/div>\n\t\t\t\t<div class=\"elementor-element elementor-element-c814f6a elementor-arrows-position-inside elementor-widget elementor-widget-image-carousel\" data-id=\"c814f6a\" data-element_type=\"widget\" data-e-type=\"widget\" data-settings=\"{&quot;slides_to_show&quot;:&quot;2&quot;,&quot;navigation&quot;:&quot;arrows&quot;,&quot;autoplay&quot;:&quot;yes&quot;,&quot;pause_on_hover&quot;:&quot;yes&quot;,&quot;pause_on_interaction&quot;:&quot;yes&quot;,&quot;autoplay_speed&quot;:5000,&quot;infinite&quot;:&quot;yes&quot;,&quot;speed&quot;:500}\" data-widget_type=\"image-carousel.default\">\n\t\t\t\t<div class=\"elementor-widget-container\">\n\t\t\t\t\t\t\t<div class=\"elementor-image-carousel-wrapper swiper\" role=\"region\" aria-roledescription=\"carousel\" aria-label=\"Carrossel de imagens\" dir=\"ltr\">\n\t\t\t<div class=\"elementor-image-carousel swiper-wrapper\" aria-live=\"off\">\n\t\t\t\t\t\t\t\t<div class=\"swiper-slide\" role=\"group\" aria-roledescription=\"slide\" aria-label=\"1 of 8\"><a data-elementor-open-lightbox=\"yes\" data-elementor-lightbox-slideshow=\"c814f6a\" data-elementor-lightbox-title=\"429769107_1072515813817877_2637736759194705434_n\" data-e-action-hash=\"#elementor-action%3Aaction%3Dlightbox%26settings%3DeyJpZCI6MjM1NCwidXJsIjoiaHR0cHM6XC9cL2FncnVwYW1lbnRvbmlzYS5lZHUuZ292LnB0XC9zaXRlXC93cC1jb250ZW50XC91cGxvYWRzXC8yMDI0XC8wMlwvNDI5NzY5MTA3XzEwNzI1MTU4MTM4MTc4NzdfMjYzNzczNjc1OTE5NDcwNTQzNF9uLmpwZyIsInNsaWRlc2hvdyI6ImM4MTRmNmEifQ%3D%3D\" href=\"https:\/\/agrupamentonisa.edu.gov.pt\/site\/wp-content\/uploads\/2024\/02\/429769107_1072515813817877_2637736759194705434_n.jpg\"><figure class=\"swiper-slide-inner\"><img decoding=\"async\" class=\"swiper-slide-image\" src=\"https:\/\/agrupamentonisa.edu.gov.pt\/site\/wp-content\/uploads\/2024\/02\/429769107_1072515813817877_2637736759194705434_n-768x512.jpg\" alt=\"reuniao_conselho_geral_1\" \/><\/figure><\/a><\/div><div class=\"swiper-slide\" role=\"group\" aria-roledescription=\"slide\" aria-label=\"2 of 8\"><a data-elementor-open-lightbox=\"yes\" data-elementor-lightbox-slideshow=\"c814f6a\" data-elementor-lightbox-title=\"409054128_1072516323817826_5162904105679841522_n\" data-e-action-hash=\"#elementor-action%3Aaction%3Dlightbox%26settings%3DeyJpZCI6MjM1NSwidXJsIjoiaHR0cHM6XC9cL2FncnVwYW1lbnRvbmlzYS5lZHUuZ292LnB0XC9zaXRlXC93cC1jb250ZW50XC91cGxvYWRzXC8yMDI0XC8wMlwvNDA5MDU0MTI4XzEwNzI1MTYzMjM4MTc4MjZfNTE2MjkwNDEwNTY3OTg0MTUyMl9uLmpwZyIsInNsaWRlc2hvdyI6ImM4MTRmNmEifQ%3D%3D\" href=\"https:\/\/agrupamentonisa.edu.gov.pt\/site\/wp-content\/uploads\/2024\/02\/409054128_1072516323817826_5162904105679841522_n.jpg\"><figure class=\"swiper-slide-inner\"><img decoding=\"async\" class=\"swiper-slide-image\" src=\"https:\/\/agrupamentonisa.edu.gov.pt\/site\/wp-content\/uploads\/2024\/02\/409054128_1072516323817826_5162904105679841522_n-768x512.jpg\" alt=\"reuniao_conselho_geral_2\" \/><\/figure><\/a><\/div><div class=\"swiper-slide\" role=\"group\" aria-roledescription=\"slide\" aria-label=\"3 of 8\"><a data-elementor-open-lightbox=\"yes\" data-elementor-lightbox-slideshow=\"c814f6a\" data-elementor-lightbox-title=\"408974319_1072516090484516_6420800858877545120_n\" data-e-action-hash=\"#elementor-action%3Aaction%3Dlightbox%26settings%3DeyJpZCI6MjM1MiwidXJsIjoiaHR0cHM6XC9cL2FncnVwYW1lbnRvbmlzYS5lZHUuZ292LnB0XC9zaXRlXC93cC1jb250ZW50XC91cGxvYWRzXC8yMDI0XC8wMlwvNDA4OTc0MzE5XzEwNzI1MTYwOTA0ODQ1MTZfNjQyMDgwMDg1ODg3NzU0NTEyMF9uLmpwZyIsInNsaWRlc2hvdyI6ImM4MTRmNmEifQ%3D%3D\" href=\"https:\/\/agrupamentonisa.edu.gov.pt\/site\/wp-content\/uploads\/2024\/02\/408974319_1072516090484516_6420800858877545120_n.jpg\"><figure class=\"swiper-slide-inner\"><img decoding=\"async\" class=\"swiper-slide-image\" src=\"https:\/\/agrupamentonisa.edu.gov.pt\/site\/wp-content\/uploads\/2024\/02\/408974319_1072516090484516_6420800858877545120_n-768x512.jpg\" alt=\"reuniao_conselho_geral_3\" \/><\/figure><\/a><\/div><div class=\"swiper-slide\" role=\"group\" aria-roledescription=\"slide\" aria-label=\"4 of 8\"><a data-elementor-open-lightbox=\"yes\" data-elementor-lightbox-slideshow=\"c814f6a\" data-elementor-lightbox-title=\"428627482_1072516033817855_2452435825404913284_n\" data-e-action-hash=\"#elementor-action%3Aaction%3Dlightbox%26settings%3DeyJpZCI6MjM1MywidXJsIjoiaHR0cHM6XC9cL2FncnVwYW1lbnRvbmlzYS5lZHUuZ292LnB0XC9zaXRlXC93cC1jb250ZW50XC91cGxvYWRzXC8yMDI0XC8wMlwvNDI4NjI3NDgyXzEwNzI1MTYwMzM4MTc4NTVfMjQ1MjQzNTgyNTQwNDkxMzI4NF9uLmpwZyIsInNsaWRlc2hvdyI6ImM4MTRmNmEifQ%3D%3D\" href=\"https:\/\/agrupamentonisa.edu.gov.pt\/site\/wp-content\/uploads\/2024\/02\/428627482_1072516033817855_2452435825404913284_n.jpg\"><figure class=\"swiper-slide-inner\"><img decoding=\"async\" class=\"swiper-slide-image\" src=\"https:\/\/agrupamentonisa.edu.gov.pt\/site\/wp-content\/uploads\/2024\/02\/428627482_1072516033817855_2452435825404913284_n-768x512.jpg\" alt=\"reuniao_conselho_geral_4\" \/><\/figure><\/a><\/div><div class=\"swiper-slide\" role=\"group\" aria-roledescription=\"slide\" aria-label=\"5 of 8\"><a data-elementor-open-lightbox=\"yes\" data-elementor-lightbox-slideshow=\"c814f6a\" data-elementor-lightbox-title=\"428645747_1072516447151147_1682389399214862604_n\" data-e-action-hash=\"#elementor-action%3Aaction%3Dlightbox%26settings%3DeyJpZCI6MjM1NiwidXJsIjoiaHR0cHM6XC9cL2FncnVwYW1lbnRvbmlzYS5lZHUuZ292LnB0XC9zaXRlXC93cC1jb250ZW50XC91cGxvYWRzXC8yMDI0XC8wMlwvNDI4NjQ1NzQ3XzEwNzI1MTY0NDcxNTExNDdfMTY4MjM4OTM5OTIxNDg2MjYwNF9uLmpwZyIsInNsaWRlc2hvdyI6ImM4MTRmNmEifQ%3D%3D\" href=\"https:\/\/agrupamentonisa.edu.gov.pt\/site\/wp-content\/uploads\/2024\/02\/428645747_1072516447151147_1682389399214862604_n.jpg\"><figure class=\"swiper-slide-inner\"><img decoding=\"async\" class=\"swiper-slide-image\" src=\"https:\/\/agrupamentonisa.edu.gov.pt\/site\/wp-content\/uploads\/2024\/02\/428645747_1072516447151147_1682389399214862604_n-768x512.jpg\" alt=\"reuniao_conselho_geral_5\" \/><\/figure><\/a><\/div><div class=\"swiper-slide\" role=\"group\" aria-roledescription=\"slide\" aria-label=\"6 of 8\"><a data-elementor-open-lightbox=\"yes\" data-elementor-lightbox-slideshow=\"c814f6a\" data-elementor-lightbox-title=\"392795649_1072516793817779_2842843063064100472_n\" data-e-action-hash=\"#elementor-action%3Aaction%3Dlightbox%26settings%3DeyJpZCI6MjM1NywidXJsIjoiaHR0cHM6XC9cL2FncnVwYW1lbnRvbmlzYS5lZHUuZ292LnB0XC9zaXRlXC93cC1jb250ZW50XC91cGxvYWRzXC8yMDI0XC8wMlwvMzkyNzk1NjQ5XzEwNzI1MTY3OTM4MTc3NzlfMjg0Mjg0MzA2MzA2NDEwMDQ3Ml9uLmpwZyIsInNsaWRlc2hvdyI6ImM4MTRmNmEifQ%3D%3D\" href=\"https:\/\/agrupamentonisa.edu.gov.pt\/site\/wp-content\/uploads\/2024\/02\/392795649_1072516793817779_2842843063064100472_n.jpg\"><figure class=\"swiper-slide-inner\"><img decoding=\"async\" class=\"swiper-slide-image\" src=\"https:\/\/agrupamentonisa.edu.gov.pt\/site\/wp-content\/uploads\/2024\/02\/392795649_1072516793817779_2842843063064100472_n-768x512.jpg\" alt=\"reuniao_conselho_geral_6\" \/><\/figure><\/a><\/div><div class=\"swiper-slide\" role=\"group\" aria-roledescription=\"slide\" aria-label=\"7 of 8\"><a data-elementor-open-lightbox=\"yes\" data-elementor-lightbox-slideshow=\"c814f6a\" data-elementor-lightbox-title=\"428649228_1072515530484572_2026615137135489325_n\" data-e-action-hash=\"#elementor-action%3Aaction%3Dlightbox%26settings%3DeyJpZCI6MjM1OCwidXJsIjoiaHR0cHM6XC9cL2FncnVwYW1lbnRvbmlzYS5lZHUuZ292LnB0XC9zaXRlXC93cC1jb250ZW50XC91cGxvYWRzXC8yMDI0XC8wMlwvNDI4NjQ5MjI4XzEwNzI1MTU1MzA0ODQ1NzJfMjAyNjYxNTEzNzEzNTQ4OTMyNV9uLmpwZyIsInNsaWRlc2hvdyI6ImM4MTRmNmEifQ%3D%3D\" href=\"https:\/\/agrupamentonisa.edu.gov.pt\/site\/wp-content\/uploads\/2024\/02\/428649228_1072515530484572_2026615137135489325_n.jpg\"><figure class=\"swiper-slide-inner\"><img decoding=\"async\" class=\"swiper-slide-image\" src=\"https:\/\/agrupamentonisa.edu.gov.pt\/site\/wp-content\/uploads\/2024\/02\/428649228_1072515530484572_2026615137135489325_n-768x592.jpg\" alt=\"reuniao_conselho_geral_7\" \/><\/figure><\/a><\/div><div class=\"swiper-slide\" role=\"group\" aria-roledescription=\"slide\" aria-label=\"8 of 8\"><a data-elementor-open-lightbox=\"yes\" data-elementor-lightbox-slideshow=\"c814f6a\" data-elementor-lightbox-title=\"428651252_1072516710484454_812108378644671735_n\" data-e-action-hash=\"#elementor-action%3Aaction%3Dlightbox%26settings%3DeyJpZCI6MjM1OSwidXJsIjoiaHR0cHM6XC9cL2FncnVwYW1lbnRvbmlzYS5lZHUuZ292LnB0XC9zaXRlXC93cC1jb250ZW50XC91cGxvYWRzXC8yMDI0XC8wMlwvNDI4NjUxMjUyXzEwNzI1MTY3MTA0ODQ0NTRfODEyMTA4Mzc4NjQ0NjcxNzM1X24uanBnIiwic2xpZGVzaG93IjoiYzgxNGY2YSJ9\" href=\"https:\/\/agrupamentonisa.edu.gov.pt\/site\/wp-content\/uploads\/2024\/02\/428651252_1072516710484454_812108378644671735_n.jpg\"><figure class=\"swiper-slide-inner\"><img decoding=\"async\" class=\"swiper-slide-image\" src=\"https:\/\/agrupamentonisa.edu.gov.pt\/site\/wp-content\/uploads\/2024\/02\/428651252_1072516710484454_812108378644671735_n-768x512.jpg\" alt=\"reuniao_conselho_geral_8\" \/><\/figure><\/a><\/div>\t\t\t<\/div>\n\t\t\t\t\t\t\t\t\t\t\t\t<div class=\"elementor-swiper-button elementor-swiper-button-prev\" role=\"button\" tabindex=\"0\">\n\t\t\t\t\t\t<svg aria-hidden=\"true\" class=\"e-font-icon-svg e-eicon-chevron-left\" viewBox=\"0 0 1000 1000\" xmlns=\"http:\/\/www.w3.org\/2000\/svg\"><path d=\"M646 125C629 125 613 133 604 142L308 442C296 454 292 471 292 487 292 504 296 521 308 533L604 854C617 867 629 875 646 875 663 875 679 871 692 858 704 846 713 829 713 812 713 796 708 779 692 767L438 487 692 225C700 217 708 204 708 187 708 171 704 154 692 142 675 129 663 125 646 125Z\"><\/path><\/svg>\t\t\t\t\t<\/div>\n\t\t\t\t\t<div class=\"elementor-swiper-button elementor-swiper-button-next\" role=\"button\" tabindex=\"0\">\n\t\t\t\t\t\t<svg aria-hidden=\"true\" class=\"e-font-icon-svg e-eicon-chevron-right\" viewBox=\"0 0 1000 1000\" xmlns=\"http:\/\/www.w3.org\/2000\/svg\"><path d=\"M696 533C708 521 713 504 713 487 713 471 708 454 696 446L400 146C388 133 375 125 354 125 338 125 325 129 313 142 300 154 292 171 292 187 292 204 296 221 308 233L563 492 304 771C292 783 288 800 288 817 288 833 296 850 308 863 321 871 338 875 354 875 371 875 388 867 400 854L696 533Z\"><\/path><\/svg>\t\t\t\t\t<\/div>\n\t\t\t\t\n\t\t\t\t\t\t\t\t\t<\/div>\n\t\t\t\t\t\t<\/div>\n\t\t\t\t<\/div>\n\t\t\t\t\t<\/div>\n\t\t\t\t<\/div>\n\t\t\t\t<\/div>\n\t\t","protected":false},"excerpt":{"rendered":"<p>Realizou-se no dia 21 de fevereiro, no audit\u00f3rio do AEN, a reuni\u00e3o do Conselho Geral que teve como ordem de&#8230;<\/p>\n","protected":false},"author":1,"featured_media":2352,"comment_status":"closed","ping_status":"open","sticky":false,"template":"","format":"standard","meta":{"_lmt_disableupdate":"","_lmt_disable":"","footnotes":""},"categories":[146],"tags":[],"class_list":["post-2350","post","type-post","status-publish","format-standard","has-post-thumbnail","hentry","category-acontece"],"yoast_head":"<!-- This site is optimized with the Yoast SEO plugin v25.5 - https:\/\/yoast.com\/wordpress\/plugins\/seo\/ -->\n<title>Reuni\u00e3o do Conselho Geral - Agrupamento de Escolas Nisa<\/title>\n<meta name=\"robots\" content=\"index, follow, max-snippet:-1, max-image-preview:large, max-video-preview:-1\" \/>\n<link rel=\"canonical\" href=\"https:\/\/agrupamentonisa.edu.gov.pt\/site\/reuniao-do-conselho-geral\/\" \/>\n<meta property=\"og:locale\" content=\"pt_PT\" \/>\n<meta property=\"og:type\" content=\"article\" \/>\n<meta property=\"og:title\" content=\"Reuni\u00e3o do Conselho Geral - Agrupamento de Escolas Nisa\" \/>\n<meta property=\"og:description\" content=\"Realizou-se no dia 21 de fevereiro, no audit\u00f3rio do AEN, a reuni\u00e3o do Conselho Geral que teve como ordem de...\" \/>\n<meta property=\"og:url\" content=\"https:\/\/agrupamentonisa.edu.gov.pt\/site\/reuniao-do-conselho-geral\/\" \/>\n<meta property=\"og:site_name\" content=\"Agrupamento de Escolas Nisa\" \/>\n<meta property=\"article:publisher\" content=\"https:\/\/www.facebook.com\/p\/Agrupamento-de-Escolas-de-Nisa-100031784060549\/?locale=pt_PT\" \/>\n<meta property=\"article:published_time\" content=\"2024-02-28T16:48:58+00:00\" \/>\n<meta property=\"article:modified_time\" content=\"2024-03-15T12:35:46+00:00\" \/>\n<meta property=\"og:image\" content=\"https:\/\/agrupamentonisa.edu.gov.pt\/site\/wp-content\/uploads\/2024\/02\/408974319_1072516090484516_6420800858877545120_n.jpg\" \/>\n\t<meta property=\"og:image:width\" content=\"2048\" \/>\n\t<meta property=\"og:image:height\" content=\"1365\" \/>\n\t<meta property=\"og:image:type\" content=\"image\/jpeg\" \/>\n<meta name=\"author\" content=\"webmaster\" \/>\n<meta name=\"twitter:card\" content=\"summary_large_image\" \/>\n<meta name=\"twitter:label1\" content=\"Escrito por\" \/>\n\t<meta name=\"twitter:data1\" content=\"webmaster\" \/>\n<script type=\"application\/ld+json\" class=\"yoast-schema-graph\">{\"@context\":\"https:\/\/schema.org\",\"@graph\":[{\"@type\":\"Article\",\"@id\":\"https:\/\/agrupamentonisa.edu.gov.pt\/site\/reuniao-do-conselho-geral\/#article\",\"isPartOf\":{\"@id\":\"https:\/\/agrupamentonisa.edu.gov.pt\/site\/reuniao-do-conselho-geral\/\"},\"author\":{\"name\":\"webmaster\",\"@id\":\"https:\/\/agrupamentonisa.edu.gov.pt\/site\/#\/schema\/person\/e1ca82bad4ba726bcdba63b2637a60c8\"},\"headline\":\"Reuni\u00e3o do Conselho Geral\",\"datePublished\":\"2024-02-28T16:48:58+00:00\",\"dateModified\":\"2024-03-15T12:35:46+00:00\",\"mainEntityOfPage\":{\"@id\":\"https:\/\/agrupamentonisa.edu.gov.pt\/site\/reuniao-do-conselho-geral\/\"},\"wordCount\":51,\"publisher\":{\"@id\":\"https:\/\/agrupamentonisa.edu.gov.pt\/site\/#organization\"},\"image\":{\"@id\":\"https:\/\/agrupamentonisa.edu.gov.pt\/site\/reuniao-do-conselho-geral\/#primaryimage\"},\"thumbnailUrl\":\"https:\/\/agrupamentonisa.edu.gov.pt\/site\/wp-content\/uploads\/2024\/02\/408974319_1072516090484516_6420800858877545120_n.jpg\",\"articleSection\":[\"Acontece\"],\"inLanguage\":\"pt-PT\"},{\"@type\":\"WebPage\",\"@id\":\"https:\/\/agrupamentonisa.edu.gov.pt\/site\/reuniao-do-conselho-geral\/\",\"url\":\"https:\/\/agrupamentonisa.edu.gov.pt\/site\/reuniao-do-conselho-geral\/\",\"name\":\"Reuni\u00e3o do Conselho Geral - Agrupamento de Escolas Nisa\",\"isPartOf\":{\"@id\":\"https:\/\/agrupamentonisa.edu.gov.pt\/site\/#website\"},\"primaryImageOfPage\":{\"@id\":\"https:\/\/agrupamentonisa.edu.gov.pt\/site\/reuniao-do-conselho-geral\/#primaryimage\"},\"image\":{\"@id\":\"https:\/\/agrupamentonisa.edu.gov.pt\/site\/reuniao-do-conselho-geral\/#primaryimage\"},\"thumbnailUrl\":\"https:\/\/agrupamentonisa.edu.gov.pt\/site\/wp-content\/uploads\/2024\/02\/408974319_1072516090484516_6420800858877545120_n.jpg\",\"datePublished\":\"2024-02-28T16:48:58+00:00\",\"dateModified\":\"2024-03-15T12:35:46+00:00\",\"breadcrumb\":{\"@id\":\"https:\/\/agrupamentonisa.edu.gov.pt\/site\/reuniao-do-conselho-geral\/#breadcrumb\"},\"inLanguage\":\"pt-PT\",\"potentialAction\":[{\"@type\":\"ReadAction\",\"target\":[\"https:\/\/agrupamentonisa.edu.gov.pt\/site\/reuniao-do-conselho-geral\/\"]}]},{\"@type\":\"ImageObject\",\"inLanguage\":\"pt-PT\",\"@id\":\"https:\/\/agrupamentonisa.edu.gov.pt\/site\/reuniao-do-conselho-geral\/#primaryimage\",\"url\":\"https:\/\/agrupamentonisa.edu.gov.pt\/site\/wp-content\/uploads\/2024\/02\/408974319_1072516090484516_6420800858877545120_n.jpg\",\"contentUrl\":\"https:\/\/agrupamentonisa.edu.gov.pt\/site\/wp-content\/uploads\/2024\/02\/408974319_1072516090484516_6420800858877545120_n.jpg\",\"width\":2048,\"height\":1365,\"caption\":\"reuniao_conselho_geral_3\"},{\"@type\":\"BreadcrumbList\",\"@id\":\"https:\/\/agrupamentonisa.edu.gov.pt\/site\/reuniao-do-conselho-geral\/#breadcrumb\",\"itemListElement\":[{\"@type\":\"ListItem\",\"position\":1,\"name\":\"In\u00edcio\",\"item\":\"https:\/\/agrupamentonisa.edu.gov.pt\/site\/\"},{\"@type\":\"ListItem\",\"position\":2,\"name\":\"Reuni\u00e3o do Conselho Geral\"}]},{\"@type\":\"WebSite\",\"@id\":\"https:\/\/agrupamentonisa.edu.gov.pt\/site\/#website\",\"url\":\"https:\/\/agrupamentonisa.edu.gov.pt\/site\/\",\"name\":\"Agrupamento de Escolas Nisa\",\"description\":\"Site Escolar do Agrupamento de Escolas Nisa\",\"publisher\":{\"@id\":\"https:\/\/agrupamentonisa.edu.gov.pt\/site\/#organization\"},\"potentialAction\":[{\"@type\":\"SearchAction\",\"target\":{\"@type\":\"EntryPoint\",\"urlTemplate\":\"https:\/\/agrupamentonisa.edu.gov.pt\/site\/?s={search_term_string}\"},\"query-input\":{\"@type\":\"PropertyValueSpecification\",\"valueRequired\":true,\"valueName\":\"search_term_string\"}}],\"inLanguage\":\"pt-PT\"},{\"@type\":\"Organization\",\"@id\":\"https:\/\/agrupamentonisa.edu.gov.pt\/site\/#organization\",\"name\":\"Agrupamento de Escolas Nisa\",\"url\":\"https:\/\/agrupamentonisa.edu.gov.pt\/site\/\",\"logo\":{\"@type\":\"ImageObject\",\"inLanguage\":\"pt-PT\",\"@id\":\"https:\/\/agrupamentonisa.edu.gov.pt\/site\/#\/schema\/logo\/image\/\",\"url\":\"https:\/\/agrupamentonisa.edu.gov.pt\/site\/wp-content\/uploads\/2024\/03\/logo.png\",\"contentUrl\":\"https:\/\/agrupamentonisa.edu.gov.pt\/site\/wp-content\/uploads\/2024\/03\/logo.png\",\"width\":1086,\"height\":546,\"caption\":\"Agrupamento de Escolas Nisa\"},\"image\":{\"@id\":\"https:\/\/agrupamentonisa.edu.gov.pt\/site\/#\/schema\/logo\/image\/\"},\"sameAs\":[\"https:\/\/www.facebook.com\/p\/Agrupamento-de-Escolas-de-Nisa-100031784060549\/?locale=pt_PT\",\"https:\/\/www.youtube.com\/@canalyoutubeagrupamentonisa\"]},{\"@type\":\"Person\",\"@id\":\"https:\/\/agrupamentonisa.edu.gov.pt\/site\/#\/schema\/person\/e1ca82bad4ba726bcdba63b2637a60c8\",\"name\":\"webmaster\",\"image\":{\"@type\":\"ImageObject\",\"inLanguage\":\"pt-PT\",\"@id\":\"https:\/\/agrupamentonisa.edu.gov.pt\/site\/#\/schema\/person\/image\/\",\"url\":\"https:\/\/secure.gravatar.com\/avatar\/4f6f69c82d272f11d2c7bbcea6d25cda?s=96&d=mm&r=g\",\"contentUrl\":\"https:\/\/secure.gravatar.com\/avatar\/4f6f69c82d272f11d2c7bbcea6d25cda?s=96&d=mm&r=g\",\"caption\":\"webmaster\"},\"sameAs\":[\"http:\/\/agrupamento-nisa.syswave-it.pt\/\"],\"url\":\"https:\/\/agrupamentonisa.edu.gov.pt\/site\/author\/webmaster\/\"}]}<\/script>\n<!-- \/ Yoast SEO plugin. -->","yoast_head_json":{"title":"Reuni\u00e3o do Conselho Geral - Agrupamento de Escolas Nisa","robots":{"index":"index","follow":"follow","max-snippet":"max-snippet:-1","max-image-preview":"max-image-preview:large","max-video-preview":"max-video-preview:-1"},"canonical":"https:\/\/agrupamentonisa.edu.gov.pt\/site\/reuniao-do-conselho-geral\/","og_locale":"pt_PT","og_type":"article","og_title":"Reuni\u00e3o do Conselho Geral - Agrupamento de Escolas Nisa","og_description":"Realizou-se no dia 21 de fevereiro, no audit\u00f3rio do AEN, a reuni\u00e3o do Conselho Geral que teve como ordem de...","og_url":"https:\/\/agrupamentonisa.edu.gov.pt\/site\/reuniao-do-conselho-geral\/","og_site_name":"Agrupamento de Escolas Nisa","article_publisher":"https:\/\/www.facebook.com\/p\/Agrupamento-de-Escolas-de-Nisa-100031784060549\/?locale=pt_PT","article_published_time":"2024-02-28T16:48:58+00:00","article_modified_time":"2024-03-15T12:35:46+00:00","og_image":[{"width":2048,"height":1365,"url":"https:\/\/agrupamentonisa.edu.gov.pt\/site\/wp-content\/uploads\/2024\/02\/408974319_1072516090484516_6420800858877545120_n.jpg","type":"image\/jpeg"}],"author":"webmaster","twitter_card":"summary_large_image","twitter_misc":{"Escrito por":"webmaster"},"schema":{"@context":"https:\/\/schema.org","@graph":[{"@type":"Article","@id":"https:\/\/agrupamentonisa.edu.gov.pt\/site\/reuniao-do-conselho-geral\/#article","isPartOf":{"@id":"https:\/\/agrupamentonisa.edu.gov.pt\/site\/reuniao-do-conselho-geral\/"},"author":{"name":"webmaster","@id":"https:\/\/agrupamentonisa.edu.gov.pt\/site\/#\/schema\/person\/e1ca82bad4ba726bcdba63b2637a60c8"},"headline":"Reuni\u00e3o do Conselho Geral","datePublished":"2024-02-28T16:48:58+00:00","dateModified":"2024-03-15T12:35:46+00:00","mainEntityOfPage":{"@id":"https:\/\/agrupamentonisa.edu.gov.pt\/site\/reuniao-do-conselho-geral\/"},"wordCount":51,"publisher":{"@id":"https:\/\/agrupamentonisa.edu.gov.pt\/site\/#organization"},"image":{"@id":"https:\/\/agrupamentonisa.edu.gov.pt\/site\/reuniao-do-conselho-geral\/#primaryimage"},"thumbnailUrl":"https:\/\/agrupamentonisa.edu.gov.pt\/site\/wp-content\/uploads\/2024\/02\/408974319_1072516090484516_6420800858877545120_n.jpg","articleSection":["Acontece"],"inLanguage":"pt-PT"},{"@type":"WebPage","@id":"https:\/\/agrupamentonisa.edu.gov.pt\/site\/reuniao-do-conselho-geral\/","url":"https:\/\/agrupamentonisa.edu.gov.pt\/site\/reuniao-do-conselho-geral\/","name":"Reuni\u00e3o do Conselho Geral - Agrupamento de Escolas Nisa","isPartOf":{"@id":"https:\/\/agrupamentonisa.edu.gov.pt\/site\/#website"},"primaryImageOfPage":{"@id":"https:\/\/agrupamentonisa.edu.gov.pt\/site\/reuniao-do-conselho-geral\/#primaryimage"},"image":{"@id":"https:\/\/agrupamentonisa.edu.gov.pt\/site\/reuniao-do-conselho-geral\/#primaryimage"},"thumbnailUrl":"https:\/\/agrupamentonisa.edu.gov.pt\/site\/wp-content\/uploads\/2024\/02\/408974319_1072516090484516_6420800858877545120_n.jpg","datePublished":"2024-02-28T16:48:58+00:00","dateModified":"2024-03-15T12:35:46+00:00","breadcrumb":{"@id":"https:\/\/agrupamentonisa.edu.gov.pt\/site\/reuniao-do-conselho-geral\/#breadcrumb"},"inLanguage":"pt-PT","potentialAction":[{"@type":"ReadAction","target":["https:\/\/agrupamentonisa.edu.gov.pt\/site\/reuniao-do-conselho-geral\/"]}]},{"@type":"ImageObject","inLanguage":"pt-PT","@id":"https:\/\/agrupamentonisa.edu.gov.pt\/site\/reuniao-do-conselho-geral\/#primaryimage","url":"https:\/\/agrupamentonisa.edu.gov.pt\/site\/wp-content\/uploads\/2024\/02\/408974319_1072516090484516_6420800858877545120_n.jpg","contentUrl":"https:\/\/agrupamentonisa.edu.gov.pt\/site\/wp-content\/uploads\/2024\/02\/408974319_1072516090484516_6420800858877545120_n.jpg","width":2048,"height":1365,"caption":"reuniao_conselho_geral_3"},{"@type":"BreadcrumbList","@id":"https:\/\/agrupamentonisa.edu.gov.pt\/site\/reuniao-do-conselho-geral\/#breadcrumb","itemListElement":[{"@type":"ListItem","position":1,"name":"In\u00edcio","item":"https:\/\/agrupamentonisa.edu.gov.pt\/site\/"},{"@type":"ListItem","position":2,"name":"Reuni\u00e3o do Conselho Geral"}]},{"@type":"WebSite","@id":"https:\/\/agrupamentonisa.edu.gov.pt\/site\/#website","url":"https:\/\/agrupamentonisa.edu.gov.pt\/site\/","name":"Agrupamento de Escolas Nisa","description":"Site Escolar do Agrupamento de Escolas Nisa","publisher":{"@id":"https:\/\/agrupamentonisa.edu.gov.pt\/site\/#organization"},"potentialAction":[{"@type":"SearchAction","target":{"@type":"EntryPoint","urlTemplate":"https:\/\/agrupamentonisa.edu.gov.pt\/site\/?s={search_term_string}"},"query-input":{"@type":"PropertyValueSpecification","valueRequired":true,"valueName":"search_term_string"}}],"inLanguage":"pt-PT"},{"@type":"Organization","@id":"https:\/\/agrupamentonisa.edu.gov.pt\/site\/#organization","name":"Agrupamento de Escolas Nisa","url":"https:\/\/agrupamentonisa.edu.gov.pt\/site\/","logo":{"@type":"ImageObject","inLanguage":"pt-PT","@id":"https:\/\/agrupamentonisa.edu.gov.pt\/site\/#\/schema\/logo\/image\/","url":"https:\/\/agrupamentonisa.edu.gov.pt\/site\/wp-content\/uploads\/2024\/03\/logo.png","contentUrl":"https:\/\/agrupamentonisa.edu.gov.pt\/site\/wp-content\/uploads\/2024\/03\/logo.png","width":1086,"height":546,"caption":"Agrupamento de Escolas Nisa"},"image":{"@id":"https:\/\/agrupamentonisa.edu.gov.pt\/site\/#\/schema\/logo\/image\/"},"sameAs":["https:\/\/www.facebook.com\/p\/Agrupamento-de-Escolas-de-Nisa-100031784060549\/?locale=pt_PT","https:\/\/www.youtube.com\/@canalyoutubeagrupamentonisa"]},{"@type":"Person","@id":"https:\/\/agrupamentonisa.edu.gov.pt\/site\/#\/schema\/person\/e1ca82bad4ba726bcdba63b2637a60c8","name":"webmaster","image":{"@type":"ImageObject","inLanguage":"pt-PT","@id":"https:\/\/agrupamentonisa.edu.gov.pt\/site\/#\/schema\/person\/image\/","url":"https:\/\/secure.gravatar.com\/avatar\/4f6f69c82d272f11d2c7bbcea6d25cda?s=96&d=mm&r=g","contentUrl":"https:\/\/secure.gravatar.com\/avatar\/4f6f69c82d272f11d2c7bbcea6d25cda?s=96&d=mm&r=g","caption":"webmaster"},"sameAs":["http:\/\/agrupamento-nisa.syswave-it.pt\/"],"url":"https:\/\/agrupamentonisa.edu.gov.pt\/site\/author\/webmaster\/"}]}},"modified_by":"webmaster","_links":{"self":[{"href":"https:\/\/agrupamentonisa.edu.gov.pt\/site\/wp-json\/wp\/v2\/posts\/2350","targetHints":{"allow":["GET"]}}],"collection":[{"href":"https:\/\/agrupamentonisa.edu.gov.pt\/site\/wp-json\/wp\/v2\/posts"}],"about":[{"href":"https:\/\/agrupamentonisa.edu.gov.pt\/site\/wp-json\/wp\/v2\/types\/post"}],"author":[{"embeddable":true,"href":"https:\/\/agrupamentonisa.edu.gov.pt\/site\/wp-json\/wp\/v2\/users\/1"}],"replies":[{"embeddable":true,"href":"https:\/\/agrupamentonisa.edu.gov.pt\/site\/wp-json\/wp\/v2\/comments?post=2350"}],"version-history":[{"count":10,"href":"https:\/\/agrupamentonisa.edu.gov.pt\/site\/wp-json\/wp\/v2\/posts\/2350\/revisions"}],"predecessor-version":[{"id":2371,"href":"https:\/\/agrupamentonisa.edu.gov.pt\/site\/wp-json\/wp\/v2\/posts\/2350\/revisions\/2371"}],"wp:featuredmedia":[{"embeddable":true,"href":"https:\/\/agrupamentonisa.edu.gov.pt\/site\/wp-json\/wp\/v2\/media\/2352"}],"wp:attachment":[{"href":"https:\/\/agrupamentonisa.edu.gov.pt\/site\/wp-json\/wp\/v2\/media?parent=2350"}],"wp:term":[{"taxonomy":"category","embeddable":true,"href":"https:\/\/agrupamentonisa.edu.gov.pt\/site\/wp-json\/wp\/v2\/categories?post=2350"},{"taxonomy":"post_tag","embeddable":true,"href":"https:\/\/agrupamentonisa.edu.gov.pt\/site\/wp-json\/wp\/v2\/tags?post=2350"}],"curies":[{"name":"wp","href":"https:\/\/api.w.org\/{rel}","templated":true}]}}